{"id":226786,"date":"2025-08-15T09:31:46","date_gmt":"2025-08-15T16:31:46","guid":{"rendered":"https:\/\/rnoticias.com.mx\/Portal\/?p=226786"},"modified":"2025-08-15T09:31:46","modified_gmt":"2025-08-15T16:31:46","slug":"brinda-gobierno-de-sonora-oportunidades-de-un-mejor-futuro-a-personas-en-rehabilitacion-isea","status":"publish","type":"post","link":"https:\/\/rnoticias.com.mx\/Portal\/2025\/08\/15\/brinda-gobierno-de-sonora-oportunidades-de-un-mejor-futuro-a-personas-en-rehabilitacion-isea\/","title":{"rendered":"Brinda Gobierno de Sonora oportunidades de un mejor futuro a personas en rehabilitaci\u00f3n: ISEA"},"content":{"rendered":"<p>Hermosillo, Sonora; 15 de agosto de 2025.- Apegados a la visi\u00f3n del gobernador Alfonso Durazo, de que la educaci\u00f3n es la gran igualadora de oportunidades, el Instituto Sonorense de Educaci\u00f3n para los Adultos (ISEA) brinda formaci\u00f3n de excelencia a las juventudes que se encuentran en procesos de rehabilitaci\u00f3n.<\/p>\n<p>A trav\u00e9s de los servicios de educaci\u00f3n b\u00e1sica en modalidad abierta, con certificado de validez oficial y completamente gratuito, las juventudes sonorenses tienen m\u00e1s y mejores posibilidades de lograr un mejor futuro profesional y personal.<\/p>\n<p>La directora general del ISEA, Mar\u00eda Engracia Carrazco Valenzuela, entreg\u00f3 certificados de secundaria a un grupo de 12 j\u00f3venes internos en la Cl\u00ednica de Rehabilitaci\u00f3n Lugar de Encuentro, quienes concluyeron satisfactoriamente dicha modalidad educativa.<\/p>\n<p>Destac\u00f3 que los alumnos graduados, quienes cursaron sus estudios, podr\u00e1n continuar su formaci\u00f3n acad\u00e9mica como parte de las oportunidades que promueve el Gobierno de Sonora.<\/p>\n<p>Subray\u00f3 que el personal a cargo de los distintos programas educativos del ISEA procura brindar atenci\u00f3n efectiva y de calidad a las personas beneficiarias, contribuyendo a su desarrollo educativo.<\/p>\n","protected":false},"excerpt":{"rendered":"<p>Hermosillo, Sonora; 15 de agosto de 2025.- Apegados a la visi\u00f3n del gobernador Alfonso Durazo, de que la educaci\u00f3n es la gran igualadora de oportunidades, el Instituto Sonorense de Educaci\u00f3n para los Adultos (ISEA) brinda formaci\u00f3n de excelencia a las juventudes que se encuentran en procesos de rehabilitaci\u00f3n. A trav\u00e9s de los servicios de educaci\u00f3n [&hellip;]<\/p>\n","protected":false},"author":2,"featured_media":226787,"comment_status":"closed","ping_status":"closed","sticky":false,"template":"","format":"standard","meta":{"footnotes":""},"categories":[178],"tags":[12869],"class_list":["post-226786","post","type-post","status-publish","format-standard","has-post-thumbnail","hentry","category-local","tag-local"],"jetpack_featured_media_url":"https:\/\/rnoticias.com.mx\/Portal\/wp-content\/uploads\/2025\/08\/unnamed-45.jpg","amp_enabled":true,"_links":{"self":[{"href":"https:\/\/rnoticias.com.mx\/Portal\/wp-json\/wp\/v2\/posts\/226786","targetHints":{"allow":["GET"]}}],"collection":[{"href":"https:\/\/rnoticias.com.mx\/Portal\/wp-json\/wp\/v2\/posts"}],"about":[{"href":"https:\/\/rnoticias.com.mx\/Portal\/wp-json\/wp\/v2\/types\/post"}],"author":[{"embeddable":true,"href":"https:\/\/rnoticias.com.mx\/Portal\/wp-json\/wp\/v2\/users\/2"}],"replies":[{"embeddable":true,"href":"https:\/\/rnoticias.com.mx\/Portal\/wp-json\/wp\/v2\/comments?post=226786"}],"version-history":[{"count":1,"href":"https:\/\/rnoticias.com.mx\/Portal\/wp-json\/wp\/v2\/posts\/226786\/revisions"}],"predecessor-version":[{"id":226788,"href":"https:\/\/rnoticias.com.mx\/Portal\/wp-json\/wp\/v2\/posts\/226786\/revisions\/226788"}],"wp:featuredmedia":[{"embeddable":true,"href":"https:\/\/rnoticias.com.mx\/Portal\/wp-json\/wp\/v2\/media\/226787"}],"wp:attachment":[{"href":"https:\/\/rnoticias.com.mx\/Portal\/wp-json\/wp\/v2\/media?parent=226786"}],"wp:term":[{"taxonomy":"category","embeddable":true,"href":"https:\/\/rnoticias.com.mx\/Portal\/wp-json\/wp\/v2\/categories?post=226786"},{"taxonomy":"post_tag","embeddable":true,"href":"https:\/\/rnoticias.com.mx\/Portal\/wp-json\/wp\/v2\/tags?post=226786"}],"curies":[{"name":"wp","href":"https:\/\/api.w.org\/{rel}","templated":true}]}}