{"id":226758,"date":"2025-08-14T21:29:51","date_gmt":"2025-08-15T04:29:51","guid":{"rendered":"https:\/\/rnoticias.com.mx\/Portal\/?p=226758"},"modified":"2025-08-14T21:29:51","modified_gmt":"2025-08-15T04:29:51","slug":"recomienda-impba-medidas-para-proteger-a-animales-de-compania-ante-el-calor","status":"publish","type":"post","link":"https:\/\/rnoticias.com.mx\/Portal\/2025\/08\/14\/recomienda-impba-medidas-para-proteger-a-animales-de-compania-ante-el-calor\/","title":{"rendered":"Recomienda IMPBA medidas para proteger a animales de compa\u00f1\u00eda ante el calor"},"content":{"rendered":"<p>Hermosillo, Sonora; 14 de agosto de 2025.- El director del Instituto Municipal de Protecci\u00f3n y Bienestar Animal (IMPBA), David Palafox Celaya, llam\u00f3 a las personas tutoras o guardianas de animales de compa\u00f1\u00eda a protegerlos de golpes de calor durante la actual temporada de verano en Hermosillo.<\/p>\n<p>Recomend\u00f3 tener siempre al alcance de los perros y gatos del hogar recipientes con agua fresca, y que tanto los bebederos como los comederos permanezcan en espacios bajo sombra.<\/p>\n<p>Sugiri\u00f3 no sacarlos a pasear entre las 9:00 y las 18:00 horas, y llevar agua de reserva para darles de beber en cada salida.<\/p>\n<p>Invit\u00f3 a alimentar a los animales de compa\u00f1\u00eda ya sea a primera hora del d\u00eda o bien por las tardes, as\u00ed como colocarles sus colchonetas en lugares frescos y, preferentemente, mantener el largo de su pelaje entre 2 y 3 cent\u00edmetros.<\/p>\n<p>Asimismo, recomend\u00f3 que, si el animal presenta alg\u00fan s\u00edntoma de descomposici\u00f3n o v\u00f3mito, se le lleve inmediatamente a revisi\u00f3n con un m\u00e9dico veterinario.<\/p>\n<p>El funcionario municipal alert\u00f3 sobre el grave riesgo para la vida de los animalitos que implica dejarlos dentro de un autom\u00f3vil con las ventanillas cerradas, por lo que recomend\u00f3 nunca someterlos a dicha situaci\u00f3n, la cual es sancionable de acuerdo con el Reglamento Municipal de Protecci\u00f3n Canino y Felino.<\/p>\n","protected":false},"excerpt":{"rendered":"<p>Hermosillo, Sonora; 14 de agosto de 2025.- El director del Instituto Municipal de Protecci\u00f3n y Bienestar Animal (IMPBA), David Palafox Celaya, llam\u00f3 a las personas tutoras o guardianas de animales de compa\u00f1\u00eda a protegerlos de golpes de calor durante la actual temporada de verano en Hermosillo. Recomend\u00f3 tener siempre al alcance de los perros y [&hellip;]<\/p>\n","protected":false},"author":2,"featured_media":226759,"comment_status":"closed","ping_status":"closed","sticky":false,"template":"","format":"standard","meta":{"footnotes":""},"categories":[12870,178],"tags":[12865,12869],"class_list":["post-226758","post","type-post","status-publish","format-standard","has-post-thumbnail","hentry","category-destacadas","category-local","tag-destacadas","tag-local"],"jetpack_featured_media_url":"https:\/\/rnoticias.com.mx\/Portal\/wp-content\/uploads\/2025\/08\/3e235e8a-5358-4acd-a499-f43f5f96b160.jpg","amp_enabled":true,"_links":{"self":[{"href":"https:\/\/rnoticias.com.mx\/Portal\/wp-json\/wp\/v2\/posts\/226758","targetHints":{"allow":["GET"]}}],"collection":[{"href":"https:\/\/rnoticias.com.mx\/Portal\/wp-json\/wp\/v2\/posts"}],"about":[{"href":"https:\/\/rnoticias.com.mx\/Portal\/wp-json\/wp\/v2\/types\/post"}],"author":[{"embeddable":true,"href":"https:\/\/rnoticias.com.mx\/Portal\/wp-json\/wp\/v2\/users\/2"}],"replies":[{"embeddable":true,"href":"https:\/\/rnoticias.com.mx\/Portal\/wp-json\/wp\/v2\/comments?post=226758"}],"version-history":[{"count":1,"href":"https:\/\/rnoticias.com.mx\/Portal\/wp-json\/wp\/v2\/posts\/226758\/revisions"}],"predecessor-version":[{"id":226760,"href":"https:\/\/rnoticias.com.mx\/Portal\/wp-json\/wp\/v2\/posts\/226758\/revisions\/226760"}],"wp:featuredmedia":[{"embeddable":true,"href":"https:\/\/rnoticias.com.mx\/Portal\/wp-json\/wp\/v2\/media\/226759"}],"wp:attachment":[{"href":"https:\/\/rnoticias.com.mx\/Portal\/wp-json\/wp\/v2\/media?parent=226758"}],"wp:term":[{"taxonomy":"category","embeddable":true,"href":"https:\/\/rnoticias.com.mx\/Portal\/wp-json\/wp\/v2\/categories?post=226758"},{"taxonomy":"post_tag","embeddable":true,"href":"https:\/\/rnoticias.com.mx\/Portal\/wp-json\/wp\/v2\/tags?post=226758"}],"curies":[{"name":"wp","href":"https:\/\/api.w.org\/{rel}","templated":true}]}}