{"id":226749,"date":"2025-08-14T19:49:55","date_gmt":"2025-08-15T02:49:55","guid":{"rendered":"https:\/\/rnoticias.com.mx\/Portal\/?p=226749"},"modified":"2025-08-14T19:49:55","modified_gmt":"2025-08-15T02:49:55","slug":"con-sonora-atiende-gobernador-durazo-lleva-servicios-gratuitos-a-la-colonia-las-amapolas","status":"publish","type":"post","link":"https:\/\/rnoticias.com.mx\/Portal\/2025\/08\/14\/con-sonora-atiende-gobernador-durazo-lleva-servicios-gratuitos-a-la-colonia-las-amapolas\/","title":{"rendered":"Con &#8220;Sonora Atiende&#8221; Gobernador Durazo lleva servicios gratuitos a la colonia Las Amapolas"},"content":{"rendered":"<p>Hermosillo, Sonora; 14 de agosto de 2025.- Servicios de salud y expedici\u00f3n de tr\u00e1mites de forma gratuita llegaron a la colonia Las Amapolas, a trav\u00e9s de la jornada &#8220;Sonora Atiende&#8221;, impulsada por el gobernador Alfonso Durazo Monta\u00f1o, con el fin de brindar atenci\u00f3n de calidad a la ciudadan\u00eda con los programas y beneficios que otorga el Gobierno de Sonora.<\/p>\n<p>Las y los ciudadanos de este sector, aprovecharon los servicios de 30 dependencias estatales y federales en materia de educaci\u00f3n y becas; salud; registro civil; bienestar animal; vivienda, entre otros.<\/p>\n<p>La se\u00f1ora Ana Bertha F\u00e9lix acudi\u00f3 al parque San Judas Tadeo a la feria de servicios, para registrarse en el programa que ofrece Liconsa y aprovechar otros beneficios.<\/p>\n<p>&#8220;Est\u00e1 muy bien, as\u00ed no anda uno dando vueltas, aqu\u00ed tenemos todo hasta despensas, todo muy bien&#8221;, expres\u00f3.<\/p>\n<p>&#8220;Muchas gracias, gracias por todo lo que est\u00e1n haciendo aqu\u00ed en el barrio&#8221;, agradeci\u00f3 Leonisa Moreno, quien reconoci\u00f3 al gobernador Alfonso Durazo la iniciativa de acercar las dependencias gubernamentales sin necesidad de hacer largas filas.<\/p>\n<p>&#8220;Muchas gracias al gobernador, que siga haciendo esto porque hay mucha gente que no tiene tiempo, as\u00ed que contin\u00fae con estos programas&#8221;, coment\u00f3 Eduardo Ruiz Negrete.<\/p>\n<p>Por su parte, Francisca Badilla asisti\u00f3 a la jornada para tramitar un acta de nacimiento y adquirir unos lentes.<\/p>\n<p>&#8220;Muy bien me han atendido, gracias, muy buen servicio est\u00e1n dando. Muchas gracias, gobernador Durazo por el evento que est\u00e1 haciendo este d\u00eda en la colonia Las Amapolas&#8221;, dijo.<\/p>\n<p>La feria de servicios y tr\u00e1mites gratuitos &#8220;Sonora Atiende&#8221; continuar\u00e1 en beneficio de las familias, llevando atenci\u00f3n personalizada de servidoras y servidores p\u00fablicos, a fin de canalizar las solicitudes de la ciudadan\u00eda.<\/p>\n","protected":false},"excerpt":{"rendered":"<p>Hermosillo, Sonora; 14 de agosto de 2025.- Servicios de salud y expedici\u00f3n de tr\u00e1mites de forma gratuita llegaron a la colonia Las Amapolas, a trav\u00e9s de la jornada &#8220;Sonora Atiende&#8221;, impulsada por el gobernador Alfonso Durazo Monta\u00f1o, con el fin de brindar atenci\u00f3n de calidad a la ciudadan\u00eda con los programas y beneficios que otorga [&hellip;]<\/p>\n","protected":false},"author":2,"featured_media":226750,"comment_status":"closed","ping_status":"closed","sticky":false,"template":"","format":"standard","meta":{"footnotes":""},"categories":[12870,178],"tags":[12865,12869],"class_list":["post-226749","post","type-post","status-publish","format-standard","has-post-thumbnail","hentry","category-destacadas","category-local","tag-destacadas","tag-local"],"jetpack_featured_media_url":"https:\/\/rnoticias.com.mx\/Portal\/wp-content\/uploads\/2025\/08\/unnamed-2-8.jpg","amp_enabled":true,"_links":{"self":[{"href":"https:\/\/rnoticias.com.mx\/Portal\/wp-json\/wp\/v2\/posts\/226749","targetHints":{"allow":["GET"]}}],"collection":[{"href":"https:\/\/rnoticias.com.mx\/Portal\/wp-json\/wp\/v2\/posts"}],"about":[{"href":"https:\/\/rnoticias.com.mx\/Portal\/wp-json\/wp\/v2\/types\/post"}],"author":[{"embeddable":true,"href":"https:\/\/rnoticias.com.mx\/Portal\/wp-json\/wp\/v2\/users\/2"}],"replies":[{"embeddable":true,"href":"https:\/\/rnoticias.com.mx\/Portal\/wp-json\/wp\/v2\/comments?post=226749"}],"version-history":[{"count":1,"href":"https:\/\/rnoticias.com.mx\/Portal\/wp-json\/wp\/v2\/posts\/226749\/revisions"}],"predecessor-version":[{"id":226751,"href":"https:\/\/rnoticias.com.mx\/Portal\/wp-json\/wp\/v2\/posts\/226749\/revisions\/226751"}],"wp:featuredmedia":[{"embeddable":true,"href":"https:\/\/rnoticias.com.mx\/Portal\/wp-json\/wp\/v2\/media\/226750"}],"wp:attachment":[{"href":"https:\/\/rnoticias.com.mx\/Portal\/wp-json\/wp\/v2\/media?parent=226749"}],"wp:term":[{"taxonomy":"category","embeddable":true,"href":"https:\/\/rnoticias.com.mx\/Portal\/wp-json\/wp\/v2\/categories?post=226749"},{"taxonomy":"post_tag","embeddable":true,"href":"https:\/\/rnoticias.com.mx\/Portal\/wp-json\/wp\/v2\/tags?post=226749"}],"curies":[{"name":"wp","href":"https:\/\/api.w.org\/{rel}","templated":true}]}}