{"id":226742,"date":"2025-08-14T19:26:23","date_gmt":"2025-08-15T02:26:23","guid":{"rendered":"https:\/\/rnoticias.com.mx\/Portal\/?p=226742"},"modified":"2025-08-14T19:26:23","modified_gmt":"2025-08-15T02:26:23","slug":"iee-sonora-se-prepara-para-defender-la-permanencia-de-institutos-electorales-locales","status":"publish","type":"post","link":"https:\/\/rnoticias.com.mx\/Portal\/2025\/08\/14\/iee-sonora-se-prepara-para-defender-la-permanencia-de-institutos-electorales-locales\/","title":{"rendered":"IEE Sonora se prepara para defender la permanencia de institutos electorales locales"},"content":{"rendered":"<p>Hermosillo, Sonora. Con el objetivo de respaldar el papel que desempe\u00f1an los organismos electorales estatales, el Instituto Estatal Electoral (IEE) alista su participaci\u00f3n en los pr\u00f3ximos foros de consulta sobre la reforma electoral federal.<\/p>\n<p>&nbsp;<\/p>\n<p>El consejero presidente, Nery Ruiz Arvizu, advirti\u00f3 que la propuesta contempla nuevamente la desaparici\u00f3n de estos institutos.<\/p>\n<p>&nbsp;<\/p>\n<p>\u201cLos foros iniciar\u00e1n en enero y ser\u00e1n una oportunidad para exponer ante legisladores y ciudadan\u00eda la importancia del trabajo que realizan en la organizaci\u00f3n de elecciones municipales, legislativas locales y para gubernaturas\u201d, detall\u00f3.<\/p>\n<p>&nbsp;<\/p>\n<p>El consejero record\u00f3, que esta iniciativa no es nueva, pues en reformas anteriores tambi\u00e9n se ha planteado eliminar los institutos locales, una medida que modificar\u00eda de manera profunda el sistema electoral mexicano.<\/p>\n<p>&nbsp;<\/p>\n<p>\u201cEs una reforma constitucional que, en \u00faltima instancia, deber\u00e1n decidir diputados y senadores, pero es fundamental que se escuche la voz de quienes operamos los procesos en el \u00e1mbito local\u201d, subray\u00f3.<\/p>\n<p>&nbsp;<\/p>\n<p>Por \u00faltimo, mencion\u00f3 que el IEE aguardar\u00e1 a conocer el texto completo de la propuesta para fijar una postura formal y presentarla en las consultas p\u00fablicas.<\/p>\n","protected":false},"excerpt":{"rendered":"<p>Hermosillo, Sonora. Con el objetivo de respaldar el papel que desempe\u00f1an los organismos electorales estatales, el Instituto Estatal Electoral (IEE) alista su participaci\u00f3n en los pr\u00f3ximos foros de consulta sobre la reforma electoral federal. &nbsp; El consejero presidente, Nery Ruiz Arvizu, advirti\u00f3 que la propuesta contempla nuevamente la desaparici\u00f3n de estos institutos. &nbsp; \u201cLos foros [&hellip;]<\/p>\n","protected":false},"author":2,"featured_media":226743,"comment_status":"closed","ping_status":"closed","sticky":false,"template":"","format":"standard","meta":{"footnotes":""},"categories":[12870,178],"tags":[12865,12869],"class_list":["post-226742","post","type-post","status-publish","format-standard","has-post-thumbnail","hentry","category-destacadas","category-local","tag-destacadas","tag-local"],"jetpack_featured_media_url":"https:\/\/rnoticias.com.mx\/Portal\/wp-content\/uploads\/2025\/08\/GY0u6ouXkAMIT6Z.jpg","amp_enabled":true,"_links":{"self":[{"href":"https:\/\/rnoticias.com.mx\/Portal\/wp-json\/wp\/v2\/posts\/226742","targetHints":{"allow":["GET"]}}],"collection":[{"href":"https:\/\/rnoticias.com.mx\/Portal\/wp-json\/wp\/v2\/posts"}],"about":[{"href":"https:\/\/rnoticias.com.mx\/Portal\/wp-json\/wp\/v2\/types\/post"}],"author":[{"embeddable":true,"href":"https:\/\/rnoticias.com.mx\/Portal\/wp-json\/wp\/v2\/users\/2"}],"replies":[{"embeddable":true,"href":"https:\/\/rnoticias.com.mx\/Portal\/wp-json\/wp\/v2\/comments?post=226742"}],"version-history":[{"count":1,"href":"https:\/\/rnoticias.com.mx\/Portal\/wp-json\/wp\/v2\/posts\/226742\/revisions"}],"predecessor-version":[{"id":226744,"href":"https:\/\/rnoticias.com.mx\/Portal\/wp-json\/wp\/v2\/posts\/226742\/revisions\/226744"}],"wp:featuredmedia":[{"embeddable":true,"href":"https:\/\/rnoticias.com.mx\/Portal\/wp-json\/wp\/v2\/media\/226743"}],"wp:attachment":[{"href":"https:\/\/rnoticias.com.mx\/Portal\/wp-json\/wp\/v2\/media?parent=226742"}],"wp:term":[{"taxonomy":"category","embeddable":true,"href":"https:\/\/rnoticias.com.mx\/Portal\/wp-json\/wp\/v2\/categories?post=226742"},{"taxonomy":"post_tag","embeddable":true,"href":"https:\/\/rnoticias.com.mx\/Portal\/wp-json\/wp\/v2\/tags?post=226742"}],"curies":[{"name":"wp","href":"https:\/\/api.w.org\/{rel}","templated":true}]}}