{"id":226739,"date":"2025-08-14T19:23:26","date_gmt":"2025-08-15T02:23:26","guid":{"rendered":"https:\/\/rnoticias.com.mx\/Portal\/?p=226739"},"modified":"2025-08-14T19:27:21","modified_gmt":"2025-08-15T02:27:21","slug":"mexico-y-canada-hacen-lo-que-les-decimos-asegura-trump","status":"publish","type":"post","link":"https:\/\/rnoticias.com.mx\/Portal\/2025\/08\/14\/mexico-y-canada-hacen-lo-que-les-decimos-asegura-trump\/","title":{"rendered":"\u2018M\u00e9xico y Canad\u00e1 hacen lo que les decimos\u2019: asegura Trump"},"content":{"rendered":"<p>El presidente de Estados Unidos,\u00a0<strong>Donald Trump<\/strong>, asegur\u00f3 este jueves que\u00a0<strong>M\u00e9xico<\/strong>\u00a0hace lo que su gobierno le indica.<\/p>\n<p>En declaraciones en la Oficina Oval, Trump dijo que\u00a0<strong>Canad\u00e1<\/strong>\u00a0tambi\u00e9n hace lo que se le diga y, por otro lado, se\u00f1al\u00f3 que las\u00a0<strong>fronteras<\/strong>\u00a0de Estados Unidos con ambos pa\u00edses \u201cantes eran horribles\u201d.<\/p>\n<p>Trump hablaba de su decisi\u00f3n de tener a\u00a0<strong>Washington D<\/strong>.\u00a0<strong>C<\/strong>. bajo control de la polic\u00eda federal y del env\u00edo de la\u00a0<strong>Guardia Nacional<\/strong>\u00a0ante lo que llam\u00f3 \u201cviolencia rampante\u201d. Sin embargo, habl\u00f3 acerca de lo que ha hecho en la frontera, afirmando que antes cruzaban millones de \u201ccriminales, l\u00edderes de pandillas, traficantes, gente que ven\u00eda de prisiones\u201d. Incluso, acus\u00f3 al expresidente\u00a0<strong>Joe Biden<\/strong>\u00a0de alegar que no pod\u00eda hacer nada porque \u201cnecesitaba una legislaci\u00f3n\u201d.<\/p>\n<p>Trump dijo que, actualmente, los pa\u00edses \u201crespetan\u201d a\u00a0<strong>Estados Unidos<\/strong>\u00a0de nuevo, para despu\u00e9s referir: \u201cM\u00e9xico hace lo que le decimos y Canad\u00e1 hace lo que le decimos\u201d.<\/p>\n<div class=\"twitter-tweet twitter-tweet-rendered\"><\/div>\n<p>&nbsp;<\/p>\n<p>Fuente: EL Universal<\/p>\n","protected":false},"excerpt":{"rendered":"<p>El presidente de Estados Unidos,\u00a0Donald Trump, asegur\u00f3 este jueves que\u00a0M\u00e9xico\u00a0hace lo que su gobierno le indica. En declaraciones en la Oficina Oval, Trump dijo que\u00a0Canad\u00e1\u00a0tambi\u00e9n hace lo que se le diga y, por otro lado, se\u00f1al\u00f3 que las\u00a0fronteras\u00a0de Estados Unidos con ambos pa\u00edses \u201cantes eran horribles\u201d. Trump hablaba de su decisi\u00f3n de tener a\u00a0Washington D.\u00a0C. [&hellip;]<\/p>\n","protected":false},"author":2,"featured_media":226740,"comment_status":"closed","ping_status":"closed","sticky":false,"template":"","format":"standard","meta":{"footnotes":""},"categories":[12870,182],"tags":[12865,12871],"class_list":["post-226739","post","type-post","status-publish","format-standard","has-post-thumbnail","hentry","category-destacadas","category-internacional","tag-destacadas","tag-internacional"],"jetpack_featured_media_url":"https:\/\/rnoticias.com.mx\/Portal\/wp-content\/uploads\/2025\/08\/15557796365542.jpg","amp_enabled":true,"_links":{"self":[{"href":"https:\/\/rnoticias.com.mx\/Portal\/wp-json\/wp\/v2\/posts\/226739","targetHints":{"allow":["GET"]}}],"collection":[{"href":"https:\/\/rnoticias.com.mx\/Portal\/wp-json\/wp\/v2\/posts"}],"about":[{"href":"https:\/\/rnoticias.com.mx\/Portal\/wp-json\/wp\/v2\/types\/post"}],"author":[{"embeddable":true,"href":"https:\/\/rnoticias.com.mx\/Portal\/wp-json\/wp\/v2\/users\/2"}],"replies":[{"embeddable":true,"href":"https:\/\/rnoticias.com.mx\/Portal\/wp-json\/wp\/v2\/comments?post=226739"}],"version-history":[{"count":1,"href":"https:\/\/rnoticias.com.mx\/Portal\/wp-json\/wp\/v2\/posts\/226739\/revisions"}],"predecessor-version":[{"id":226741,"href":"https:\/\/rnoticias.com.mx\/Portal\/wp-json\/wp\/v2\/posts\/226739\/revisions\/226741"}],"wp:featuredmedia":[{"embeddable":true,"href":"https:\/\/rnoticias.com.mx\/Portal\/wp-json\/wp\/v2\/media\/226740"}],"wp:attachment":[{"href":"https:\/\/rnoticias.com.mx\/Portal\/wp-json\/wp\/v2\/media?parent=226739"}],"wp:term":[{"taxonomy":"category","embeddable":true,"href":"https:\/\/rnoticias.com.mx\/Portal\/wp-json\/wp\/v2\/categories?post=226739"},{"taxonomy":"post_tag","embeddable":true,"href":"https:\/\/rnoticias.com.mx\/Portal\/wp-json\/wp\/v2\/tags?post=226739"}],"curies":[{"name":"wp","href":"https:\/\/api.w.org\/{rel}","templated":true}]}}