{"id":226736,"date":"2025-08-14T19:21:55","date_gmt":"2025-08-15T02:21:55","guid":{"rendered":"https:\/\/rnoticias.com.mx\/Portal\/?p=226736"},"modified":"2025-08-14T19:21:55","modified_gmt":"2025-08-15T02:21:55","slug":"baja-sonora-porcentajes-de-pobreza-en-dos-anos-inegi","status":"publish","type":"post","link":"https:\/\/rnoticias.com.mx\/Portal\/2025\/08\/14\/baja-sonora-porcentajes-de-pobreza-en-dos-anos-inegi\/","title":{"rendered":"Baja Sonora porcentajes de pobreza en dos a\u00f1os: INEGI"},"content":{"rendered":"<p>El Instituto Nacional de Estad\u00edstica y Geograf\u00eda (INEGI), mostr\u00f3 a trav\u00e9s de la Encuesta Nacional de Ingresos y Gastos de los Hogares (ENIGH) 2024, como el estado de Sonora ha podido reducir el porcentaje de pobreza y pobreza extrema entre sus habitantes.<\/p>\n<p>&nbsp;<\/p>\n<p>Esa \u00faltima encuesta, utiliz\u00f3 la metodolog\u00eda del Consejo Nacional de Evaluaci\u00f3n de la Pol\u00edtica de Desarrollo Social (Coneval), para la medici\u00f3n de la pobreza.<\/p>\n<p>&nbsp;<\/p>\n<p>En ese sentido, Sonora en el apartado de poblaci\u00f3n en situaci\u00f3n de pobreza moderada ha visto una reducci\u00f3n del 26.4% en el 2020, de un 20.0% en el 2022 y de un 12.6% en el 2024, lo que representa una disminuci\u00f3n de m\u00e1s de 14% en 4 a\u00f1os.<\/p>\n<p>&nbsp;<\/p>\n<p>En el rubro de poblaci\u00f3n en situaci\u00f3n de pobreza extrema, el 3.5 de la poblaci\u00f3n de Sonora en el 2020 viv\u00eda en esa condici\u00f3n, en el 2022 se redujo la cifra a 1.7% y ahora en el 2024 esa cantidad baj\u00f3 a\u00fan m\u00e1s, al 1.5%.<\/p>\n<p>&nbsp;<\/p>\n<p>Esa misma metodolog\u00eda tambi\u00e9n muestra como el 13.7% de la poblaci\u00f3n en Sonora, present\u00f3 rezago educativo, cifra que se ubic\u00f3 4.9 puntos porcentuales por debajo del promedio nacional.<\/p>\n<p>&nbsp;<\/p>\n<p>El 24.1% de la poblaci\u00f3n de Sonora present\u00f3 carencia por acceso a los servicios de salud, cifra que se ubic\u00f3 10.1 puntos porcentuales por debajo del promedio nacional.<\/p>\n<p>&nbsp;<\/p>\n<p>El 6.8 % de la poblaci\u00f3n en Sonora, present\u00f3 carencia por acceso a los servicios b\u00e1sicos en la vivienda, cifra que se ubic\u00f3 7.3 puntos porcentuales por debajo de la media nacional.<\/p>\n<p>&nbsp;<\/p>\n<p>Cabe mencionar que estas estad\u00edsticas oficiales, reflejan el trabajo que se ha realizado en Sonora bajo el mandato del Gobernador, Alfonso Durazo Monta\u00f1o y en donde la entidad al 2024 alcanz\u00f3 el nivel de pobreza m\u00e1s bajo en su historia, coloc\u00e1ndose como la quinta entidad que m\u00e1s disminuy\u00f3 esta condici\u00f3n al pasar del 29.9% en el 2020 al 14.11% en el 2024.<\/p>\n<p>&nbsp;<\/p>\n<p>Finalmente, mencionar que todas estas estad\u00edsticas se traducen en el caso de Sonora, que m\u00e1s de 450 mil sonorenses salieron de la situaci\u00f3n de pobreza y 59 mil de pobreza extrema.<\/p>\n<p>&nbsp;<\/p>\n","protected":false},"excerpt":{"rendered":"<p>El Instituto Nacional de Estad\u00edstica y Geograf\u00eda (INEGI), mostr\u00f3 a trav\u00e9s de la Encuesta Nacional de Ingresos y Gastos de los Hogares (ENIGH) 2024, como el estado de Sonora ha podido reducir el porcentaje de pobreza y pobreza extrema entre sus habitantes. &nbsp; Esa \u00faltima encuesta, utiliz\u00f3 la metodolog\u00eda del Consejo Nacional de Evaluaci\u00f3n de [&hellip;]<\/p>\n","protected":false},"author":2,"featured_media":226737,"comment_status":"closed","ping_status":"closed","sticky":false,"template":"","format":"standard","meta":{"footnotes":""},"categories":[12870,178],"tags":[12865,12869],"class_list":["post-226736","post","type-post","status-publish","format-standard","has-post-thumbnail","hentry","category-destacadas","category-local","tag-destacadas","tag-local"],"jetpack_featured_media_url":"https:\/\/rnoticias.com.mx\/Portal\/wp-content\/uploads\/2025\/08\/sonora-edo.jpg","amp_enabled":true,"_links":{"self":[{"href":"https:\/\/rnoticias.com.mx\/Portal\/wp-json\/wp\/v2\/posts\/226736","targetHints":{"allow":["GET"]}}],"collection":[{"href":"https:\/\/rnoticias.com.mx\/Portal\/wp-json\/wp\/v2\/posts"}],"about":[{"href":"https:\/\/rnoticias.com.mx\/Portal\/wp-json\/wp\/v2\/types\/post"}],"author":[{"embeddable":true,"href":"https:\/\/rnoticias.com.mx\/Portal\/wp-json\/wp\/v2\/users\/2"}],"replies":[{"embeddable":true,"href":"https:\/\/rnoticias.com.mx\/Portal\/wp-json\/wp\/v2\/comments?post=226736"}],"version-history":[{"count":1,"href":"https:\/\/rnoticias.com.mx\/Portal\/wp-json\/wp\/v2\/posts\/226736\/revisions"}],"predecessor-version":[{"id":226738,"href":"https:\/\/rnoticias.com.mx\/Portal\/wp-json\/wp\/v2\/posts\/226736\/revisions\/226738"}],"wp:featuredmedia":[{"embeddable":true,"href":"https:\/\/rnoticias.com.mx\/Portal\/wp-json\/wp\/v2\/media\/226737"}],"wp:attachment":[{"href":"https:\/\/rnoticias.com.mx\/Portal\/wp-json\/wp\/v2\/media?parent=226736"}],"wp:term":[{"taxonomy":"category","embeddable":true,"href":"https:\/\/rnoticias.com.mx\/Portal\/wp-json\/wp\/v2\/categories?post=226736"},{"taxonomy":"post_tag","embeddable":true,"href":"https:\/\/rnoticias.com.mx\/Portal\/wp-json\/wp\/v2\/tags?post=226736"}],"curies":[{"name":"wp","href":"https:\/\/api.w.org\/{rel}","templated":true}]}}