{"id":226730,"date":"2025-08-14T16:41:20","date_gmt":"2025-08-14T23:41:20","guid":{"rendered":"https:\/\/rnoticias.com.mx\/Portal\/?p=226730"},"modified":"2025-08-14T16:41:20","modified_gmt":"2025-08-14T23:41:20","slug":"tiene-movimiento-ciudadano-fuerza-naranja-en-naco","status":"publish","type":"post","link":"https:\/\/rnoticias.com.mx\/Portal\/2025\/08\/14\/tiene-movimiento-ciudadano-fuerza-naranja-en-naco\/","title":{"rendered":"TIENE MOVIMIENTO CIUDADANO FUERZA NARANJA EN NACO"},"content":{"rendered":"<p>Naco, Sonora a 14 de agosto 2025.- Representamos una Fuerza Naranja que tiene muy clara la responsabilidad de ser la segunda fuerza pol\u00edtica en M\u00e9xico y el compromiso por construir en Sonora la alternativa para las y los ciudadanos, expres\u00f3 Natalia Rivera Grijalva, coordinadora estatal de Movimiento Ciudadano.<\/p>\n<p>Con la instalaci\u00f3n de la Coordinaci\u00f3n Municipal se suman hombres y mujeres comprometidos con sus comunidades que han venido realizando un trabajo cercano, humano, sensible y de servicio que multiplicar\u00e1 los esfuerzos en favor de las familias y sus causas.<\/p>\n<p>\u201cEn Naco, tenemos un regidor que representa exactamente lo que sabemos hacer en Movimiento Ciudadano, escuchar, atender, buscar soluciones e ir m\u00e1s all\u00e1, tomar acciones como alternativas para la soluci\u00f3n de los problemas que enfrentan las y los ciudadanos\u201d, asegur\u00f3 Natalia Rivera.<\/p>\n<p>Dijo que en Movimiento Ciudadano los liderazgos son de servicio con la gente, es por eso, que se encabezan causas como las 40 Horas Ahora, para que los y las trabajadoras tengan tiempo para dedicarlo a sus familias, un sueldo mensual m\u00ednimo de 10 mil pesos, una Ley Silla que nace de ir a los centros de trabajo y conocer que eran muchas horas que los trabajadores pasan de pie, as\u00ed como accesibilidad para una vivienda digna.<\/p>\n<p>En su primera intervenci\u00f3n como Comisionado Municipal de MC, Pepe Torres acompa\u00f1ado de su equipo y cientos de ciudadanos que respaldan su trabajo, dijo que la oportunidad de servir es ahora y el momento preciso de seguir construyendo del lado de los ciudadanos.<\/p>\n<p>\u201cSeguiremos encabezando las causas, con propuestas como alternativas que ofrezcan soluciones de fondo, que se respeten los derechos, que se haga un buen ejercicio del servicio p\u00fablico y manejo de los recursos; seguiremos defendiendo a Naco y su gente. Nuestro presente y nuestro futuro est\u00e1 aqu\u00ed, en nuestros ni\u00f1os y j\u00f3venes, en nuestros hombres y mujeres, con los adultos mayores\u201d, afirm\u00f3.<\/p>\n<p>Se cont\u00f3 con la presencia de autoridades estatales de Movimiento Ciudadano, como Roberto Rodr\u00edguez, secretario de Asuntos Municipales; el regidor naranja por Cananea, Octavio Ortez; los delegados regionales Perla Padilla Bonillas y Juli\u00e1n Loreto Fimbres, as\u00ed como militantes y simpatizantes de la Fuerza Naranja Sonora.<\/p>\n<p>Comisi\u00f3n Municipal de Naco, Sonora.<\/p>\n<p>1.- Comisionado Municipal,<br \/>\nJos\u00e9 Luis Torres Bracamonte<br \/>\n2.- Secretar\u00eda de Acuerdos,<br \/>\nMario Daniel Sabori Ortiz<br \/>\n3.-Secretar\u00eda de Organizaci\u00f3n y Acci\u00f3n Pol\u00edtica,<br \/>\nPedro Manuel D\u00e1vila Quilihua<br \/>\n4.- Secretar\u00eda de Comunicaci\u00f3n Social,<br \/>\nTania Priscila Bonilla Flores<br \/>\n5.- Secretar\u00eda de C\u00edrculos Ciudadanos,<br \/>\nEsmeralda Abril Hern\u00e1ndez<br \/>\n6.- Secretar\u00eda de Vinculaci\u00f3n y Participaci\u00f3n Ciudadana,<br \/>\nFrancisca Fabiola Carrillo Martan<br \/>\n7.- Secretar\u00eda de Gesti\u00f3n Social,<br \/>\nSandra \u00c1lvarez Garc\u00eda<br \/>\n8.- Secretar\u00eda de Asuntos Ambientales,<br \/>\nGuadalupe Vianney Rodr\u00edguez Ram\u00edrez<br \/>\n9.- Secretar\u00eda de Derechos Humanos e Inclusi\u00f3n Social,<br \/>\nNorberto Valenzuela Laguna<br \/>\n10.- Secretar\u00eda de Fomento Deportivo.<br \/>\nMario Arturo Morales Luqu\u00e9z<\/p>\n","protected":false},"excerpt":{"rendered":"<p>Naco, Sonora a 14 de agosto 2025.- Representamos una Fuerza Naranja que tiene muy clara la responsabilidad de ser la segunda fuerza pol\u00edtica en M\u00e9xico y el compromiso por construir en Sonora la alternativa para las y los ciudadanos, expres\u00f3 Natalia Rivera Grijalva, coordinadora estatal de Movimiento Ciudadano. Con la instalaci\u00f3n de la Coordinaci\u00f3n Municipal [&hellip;]<\/p>\n","protected":false},"author":2,"featured_media":226731,"comment_status":"closed","ping_status":"closed","sticky":false,"template":"","format":"standard","meta":{"footnotes":""},"categories":[12870,12868],"tags":[12865,12879],"class_list":["post-226730","post","type-post","status-publish","format-standard","has-post-thumbnail","hentry","category-destacadas","category-politica","tag-destacadas","tag-politica"],"jetpack_featured_media_url":"https:\/\/rnoticias.com.mx\/Portal\/wp-content\/uploads\/2025\/08\/2228ace0-78b6-4591-9bcc-42b667af0113.jpg","amp_enabled":true,"_links":{"self":[{"href":"https:\/\/rnoticias.com.mx\/Portal\/wp-json\/wp\/v2\/posts\/226730","targetHints":{"allow":["GET"]}}],"collection":[{"href":"https:\/\/rnoticias.com.mx\/Portal\/wp-json\/wp\/v2\/posts"}],"about":[{"href":"https:\/\/rnoticias.com.mx\/Portal\/wp-json\/wp\/v2\/types\/post"}],"author":[{"embeddable":true,"href":"https:\/\/rnoticias.com.mx\/Portal\/wp-json\/wp\/v2\/users\/2"}],"replies":[{"embeddable":true,"href":"https:\/\/rnoticias.com.mx\/Portal\/wp-json\/wp\/v2\/comments?post=226730"}],"version-history":[{"count":1,"href":"https:\/\/rnoticias.com.mx\/Portal\/wp-json\/wp\/v2\/posts\/226730\/revisions"}],"predecessor-version":[{"id":226732,"href":"https:\/\/rnoticias.com.mx\/Portal\/wp-json\/wp\/v2\/posts\/226730\/revisions\/226732"}],"wp:featuredmedia":[{"embeddable":true,"href":"https:\/\/rnoticias.com.mx\/Portal\/wp-json\/wp\/v2\/media\/226731"}],"wp:attachment":[{"href":"https:\/\/rnoticias.com.mx\/Portal\/wp-json\/wp\/v2\/media?parent=226730"}],"wp:term":[{"taxonomy":"category","embeddable":true,"href":"https:\/\/rnoticias.com.mx\/Portal\/wp-json\/wp\/v2\/categories?post=226730"},{"taxonomy":"post_tag","embeddable":true,"href":"https:\/\/rnoticias.com.mx\/Portal\/wp-json\/wp\/v2\/tags?post=226730"}],"curies":[{"name":"wp","href":"https:\/\/api.w.org\/{rel}","templated":true}]}}