{"id":226718,"date":"2025-08-14T16:30:08","date_gmt":"2025-08-14T23:30:08","guid":{"rendered":"https:\/\/rnoticias.com.mx\/Portal\/?p=226718"},"modified":"2025-08-14T16:30:08","modified_gmt":"2025-08-14T23:30:08","slug":"anuncia-gobierno-de-sonora-nuevas-opciones-educativas-de-la-universidad-de-la-seguridad-publica","status":"publish","type":"post","link":"https:\/\/rnoticias.com.mx\/Portal\/2025\/08\/14\/anuncia-gobierno-de-sonora-nuevas-opciones-educativas-de-la-universidad-de-la-seguridad-publica\/","title":{"rendered":"Anuncia Gobierno de Sonora nuevas opciones educativas de la Universidad de la Seguridad P\u00fablica"},"content":{"rendered":"<p>Hermosillo, Sonora; 14 de agosto de 2025.- Para continuar con el fortalecimiento de la estrategia de seguridad que impulsa el Gobierno de Sonora, se anunci\u00f3 el inicio de cinco nuevas opciones educativas de la Universidad de la Seguridad P\u00fablica (USP) para el presente a\u00f1o.<\/p>\n<p>Por ser un compromiso del gobernador Alfonso Durazo con las y los sonorenses, desde el inicio de su administraci\u00f3n la Secretar\u00eda de Seguridad P\u00fablica (SSP), que encabeza el secretario Braulio Mart\u00ednez Navarrete, trabaja en la formaci\u00f3n de perfiles encaminados a profesionalizar las instituciones encargadas de brindar seguridad a la ciudadan\u00eda.<\/p>\n<p>En rueda de prensa, Ellioth Romero Grijalva, rector de la USP, inform\u00f3 que las opciones acad\u00e9micas que iniciar\u00e1n este a\u00f1o son:<\/p>\n<p>* T\u00e9cnico Superior Universitario en Seguridad P\u00fablica y Seguridad Ciudadana<\/p>\n<p>* Licenciatura en Derecho, en su tercera edici\u00f3n<\/p>\n<p>* Especialidad en Inteligencia y Ciberinteligencia<\/p>\n<p>* Maestr\u00eda en Seguridad Ciudadana y Justicia C\u00edvica<\/p>\n<p>* Doctorado en Alta Direcci\u00f3n en Seguridad P\u00fablica<\/p>\n<p>Cabe destacar que las nuevas opciones educativas iniciar\u00e1n el 17 de septiembre, a excepci\u00f3n del Doctorado, que comenzar\u00e1 el 13 de octubre.<\/p>\n<p>Con esta iniciativa, el Gobierno de Sonora reafirma su compromiso con la profesionalizaci\u00f3n y formaci\u00f3n de especialistas capaces de afrontar los retos actuales para contribuir al bienestar y la tranquilidad de las familias sonorenses.<\/p>\n<p>Actualmente, en la USP se encuentran en proceso de formaci\u00f3n inicial para polic\u00edas de proximidad un total de 162 cadetes pertenecientes a la generaci\u00f3n \u00c1guila, que culmina el pr\u00f3ximo 18 de agosto; 76 de la generaci\u00f3n Bravo y 200 de la generaci\u00f3n Cobra, quienes concluir\u00e1n en los meses de octubre y diciembre, respectivamente. La mayor\u00eda de ellos habr\u00e1 de incorporarse a la Polic\u00eda Estatal.<\/p>\n<p>Las personas interesadas en cursar alguna de las cinco opciones educativas que ofrecer\u00e1 la USP pueden consultar las convocatorias, requisitos y documentaci\u00f3n en la p\u00e1gina\u00a0<a href=\"https:\/\/usp.sonora.edu.mx\/\" target=\"_blank\" rel=\"noopener\" data-saferedirecturl=\"https:\/\/www.google.com\/url?q=https:\/\/usp.sonora.edu.mx\/&amp;source=gmail&amp;ust=1755300362559000&amp;usg=AOvVaw1CzO9L8c71Y21x24C_yKVO\">https:\/\/usp.sonora.edu.mx\/<\/a>.<\/p>\n","protected":false},"excerpt":{"rendered":"<p>Hermosillo, Sonora; 14 de agosto de 2025.- Para continuar con el fortalecimiento de la estrategia de seguridad que impulsa el Gobierno de Sonora, se anunci\u00f3 el inicio de cinco nuevas opciones educativas de la Universidad de la Seguridad P\u00fablica (USP) para el presente a\u00f1o. Por ser un compromiso del gobernador Alfonso Durazo con las y [&hellip;]<\/p>\n","protected":false},"author":2,"featured_media":226719,"comment_status":"closed","ping_status":"closed","sticky":false,"template":"","format":"standard","meta":{"footnotes":""},"categories":[12870,178],"tags":[12865,12869],"class_list":["post-226718","post","type-post","status-publish","format-standard","has-post-thumbnail","hentry","category-destacadas","category-local","tag-destacadas","tag-local"],"jetpack_featured_media_url":"https:\/\/rnoticias.com.mx\/Portal\/wp-content\/uploads\/2025\/08\/unnamed-42.jpg","amp_enabled":true,"_links":{"self":[{"href":"https:\/\/rnoticias.com.mx\/Portal\/wp-json\/wp\/v2\/posts\/226718","targetHints":{"allow":["GET"]}}],"collection":[{"href":"https:\/\/rnoticias.com.mx\/Portal\/wp-json\/wp\/v2\/posts"}],"about":[{"href":"https:\/\/rnoticias.com.mx\/Portal\/wp-json\/wp\/v2\/types\/post"}],"author":[{"embeddable":true,"href":"https:\/\/rnoticias.com.mx\/Portal\/wp-json\/wp\/v2\/users\/2"}],"replies":[{"embeddable":true,"href":"https:\/\/rnoticias.com.mx\/Portal\/wp-json\/wp\/v2\/comments?post=226718"}],"version-history":[{"count":1,"href":"https:\/\/rnoticias.com.mx\/Portal\/wp-json\/wp\/v2\/posts\/226718\/revisions"}],"predecessor-version":[{"id":226720,"href":"https:\/\/rnoticias.com.mx\/Portal\/wp-json\/wp\/v2\/posts\/226718\/revisions\/226720"}],"wp:featuredmedia":[{"embeddable":true,"href":"https:\/\/rnoticias.com.mx\/Portal\/wp-json\/wp\/v2\/media\/226719"}],"wp:attachment":[{"href":"https:\/\/rnoticias.com.mx\/Portal\/wp-json\/wp\/v2\/media?parent=226718"}],"wp:term":[{"taxonomy":"category","embeddable":true,"href":"https:\/\/rnoticias.com.mx\/Portal\/wp-json\/wp\/v2\/categories?post=226718"},{"taxonomy":"post_tag","embeddable":true,"href":"https:\/\/rnoticias.com.mx\/Portal\/wp-json\/wp\/v2\/tags?post=226718"}],"curies":[{"name":"wp","href":"https:\/\/api.w.org\/{rel}","templated":true}]}}