{"id":226715,"date":"2025-08-14T16:25:45","date_gmt":"2025-08-14T23:25:45","guid":{"rendered":"https:\/\/rnoticias.com.mx\/Portal\/?p=226715"},"modified":"2025-08-14T16:25:45","modified_gmt":"2025-08-14T23:25:45","slug":"ctm-hermosillo-anuncia-su-primera-gran-carrera-el-14-de-septiembre","status":"publish","type":"post","link":"https:\/\/rnoticias.com.mx\/Portal\/2025\/08\/14\/ctm-hermosillo-anuncia-su-primera-gran-carrera-el-14-de-septiembre\/","title":{"rendered":"CTM Hermosillo anuncia su primera gran carrera el 14 de septiembre"},"content":{"rendered":"<p>El dirigente de la Confederaci\u00f3n de Trabajadores de M\u00e9xico (CTM) en Hermosillo, \u00d3scar Ortiz Arvayo, anunci\u00f3 la realizaci\u00f3n de la primera gran carrera de la CTM, que se llevar\u00e1 a cabo el pr\u00f3ximo domingo 14 de septiembre a partir de las 7:00 de la ma\u00f1ana.<\/p>\n<p>&nbsp;<\/p>\n<p>Detall\u00f3, que la salida ser\u00e1 desde las instalaciones del sindicato y recorrido por el bosque urbano de La Sauceda y la competencia se dirige a trabajadores, familias, clubes deportivos, la comunidad runner y p\u00fablico en general.<\/p>\n<p>&nbsp;<\/p>\n<p>\u201cEs una carrera que vamos a hacer en dos distancias, una de ellas es de 5 kil\u00f3metros y la otra es de 3.5 kil\u00f3metros. Obviamente hay una competencia en esto, participan corredores que van a pretender ganar y obtener los premios que vamos a tener para los ganadores, pero el objetivo es doble, no solo es la competencia como tal, lo que buscamos es promover la activaci\u00f3n f\u00edsica de toda la sociedad\u201d, afirm\u00f3.<\/p>\n<p>&nbsp;<\/p>\n<p>En cuanto a las inscripciones, indic\u00f3 que ya est\u00e1n abiertas en las oficinas de la CTM, con un costo de recuperaci\u00f3n de 200 pesos que incluye playera conmemorativa y medalla para todos los participantes.<\/p>\n<p>&nbsp;<\/p>\n<p>Finalmente, Ortiz Arvayo destac\u00f3 que se espera la participaci\u00f3n de entre 600 y mil corredores, quienes adem\u00e1s podr\u00e1n disfrutar de una mini olimpiada infantil, rifas y premios en efectivo para los ganadores de las categor\u00edas de 5 kil\u00f3metros.<\/p>\n","protected":false},"excerpt":{"rendered":"<p>El dirigente de la Confederaci\u00f3n de Trabajadores de M\u00e9xico (CTM) en Hermosillo, \u00d3scar Ortiz Arvayo, anunci\u00f3 la realizaci\u00f3n de la primera gran carrera de la CTM, que se llevar\u00e1 a cabo el pr\u00f3ximo domingo 14 de septiembre a partir de las 7:00 de la ma\u00f1ana. &nbsp; Detall\u00f3, que la salida ser\u00e1 desde las instalaciones del [&hellip;]<\/p>\n","protected":false},"author":2,"featured_media":226716,"comment_status":"closed","ping_status":"closed","sticky":false,"template":"","format":"standard","meta":{"footnotes":""},"categories":[12870,178],"tags":[12865,12869],"class_list":["post-226715","post","type-post","status-publish","format-standard","has-post-thumbnail","hentry","category-destacadas","category-local","tag-destacadas","tag-local"],"jetpack_featured_media_url":"https:\/\/rnoticias.com.mx\/Portal\/wp-content\/uploads\/2025\/08\/2da43ad3-a0c7-49a3-94e0-debae510208b.jpg","amp_enabled":true,"_links":{"self":[{"href":"https:\/\/rnoticias.com.mx\/Portal\/wp-json\/wp\/v2\/posts\/226715","targetHints":{"allow":["GET"]}}],"collection":[{"href":"https:\/\/rnoticias.com.mx\/Portal\/wp-json\/wp\/v2\/posts"}],"about":[{"href":"https:\/\/rnoticias.com.mx\/Portal\/wp-json\/wp\/v2\/types\/post"}],"author":[{"embeddable":true,"href":"https:\/\/rnoticias.com.mx\/Portal\/wp-json\/wp\/v2\/users\/2"}],"replies":[{"embeddable":true,"href":"https:\/\/rnoticias.com.mx\/Portal\/wp-json\/wp\/v2\/comments?post=226715"}],"version-history":[{"count":1,"href":"https:\/\/rnoticias.com.mx\/Portal\/wp-json\/wp\/v2\/posts\/226715\/revisions"}],"predecessor-version":[{"id":226717,"href":"https:\/\/rnoticias.com.mx\/Portal\/wp-json\/wp\/v2\/posts\/226715\/revisions\/226717"}],"wp:featuredmedia":[{"embeddable":true,"href":"https:\/\/rnoticias.com.mx\/Portal\/wp-json\/wp\/v2\/media\/226716"}],"wp:attachment":[{"href":"https:\/\/rnoticias.com.mx\/Portal\/wp-json\/wp\/v2\/media?parent=226715"}],"wp:term":[{"taxonomy":"category","embeddable":true,"href":"https:\/\/rnoticias.com.mx\/Portal\/wp-json\/wp\/v2\/categories?post=226715"},{"taxonomy":"post_tag","embeddable":true,"href":"https:\/\/rnoticias.com.mx\/Portal\/wp-json\/wp\/v2\/tags?post=226715"}],"curies":[{"name":"wp","href":"https:\/\/api.w.org\/{rel}","templated":true}]}}