{"id":226692,"date":"2025-08-13T20:33:09","date_gmt":"2025-08-14T03:33:09","guid":{"rendered":"https:\/\/rnoticias.com.mx\/Portal\/?p=226692"},"modified":"2025-08-13T20:33:09","modified_gmt":"2025-08-14T03:33:09","slug":"recibe-gobierno-de-sonora-a-mas-de-10-mil-jovenes-de-nuevo-ingreso-en-cecyte","status":"publish","type":"post","link":"https:\/\/rnoticias.com.mx\/Portal\/2025\/08\/13\/recibe-gobierno-de-sonora-a-mas-de-10-mil-jovenes-de-nuevo-ingreso-en-cecyte\/","title":{"rendered":"Recibe Gobierno de Sonora a m\u00e1s de 10 mil j\u00f3venes de nuevo ingreso en Cecyte"},"content":{"rendered":"<p align=\"left\">Hermosillo, Sonora; 13 de agosto de 2025.- El Gobierno de Sonora, a trav\u00e9s del Colegio de Estudios Cient\u00edficos y Tecnol\u00f3gicos del Estado de Sonora (Cecyte), dio la bienvenida a m\u00e1s de 10 mil j\u00f3venes de nuevo ingreso en los distintos planteles distribuidos a lo largo de la entidad.<\/p>\n<p align=\"left\">La jornada de inicio arranc\u00f3 con el curso de inducci\u00f3n y proped\u00e9utico, que se llevar\u00e1 a cabo del 11 al 22 de agosto. Durante este periodo, adem\u00e1s de conocer el programa acad\u00e9mico y los diferentes servicios que ofrece el Colegio, las y los estudiantes participar\u00e1n en din\u00e1micas y actividades de integraci\u00f3n, con el objetivo de generar un ambiente de confianza y fortalecer la convivencia escolar desde el primer d\u00eda.<\/p>\n<p align=\"left\">La directora general de Cecyte Sonora, Blanca Aurelia Valenzuela, ofreci\u00f3 una c\u00e1lida bienvenida a quienes inician esta nueva etapa en su formaci\u00f3n media superior. En su mensaje, destac\u00f3 que uno de los principales compromisos de la instituci\u00f3n es formar j\u00f3venes preparados, tanto acad\u00e9mica como profesionalmente, con una visi\u00f3n orientada al futuro.<\/p>\n<p align=\"left\">Asimismo, la funcionaria resalt\u00f3 la importancia del programa Cecyte ContiGo, una iniciativa enfocada en el bienestar socioemocional del alumnado, cuyo prop\u00f3sito es brindar acompa\u00f1amiento, orientaci\u00f3n y reforzar el sentido de pertenencia durante su trayectoria dentro de la instituci\u00f3n.<\/p>\n<p align=\"left\">Con estas acciones, Cecyte reafirma el compromiso del Gobierno de Sonora con una educaci\u00f3n inclusiva y de calidad, enfocada en el desarrollo de competencias que permitan a la juventud enfrentar con \u00e9xito los retos del mundo actual, contribuyendo adem\u00e1s a prevenir la deserci\u00f3n escolar.<\/p>\n<p align=\"left\">El pr\u00f3ximo lunes 25 de agosto se espera el ingreso de m\u00e1s de 25 mil estudiantes de todos los semestres, para dar inicio de manera formal al ciclo escolar 2025\u20132026.<\/p>\n","protected":false},"excerpt":{"rendered":"<p>Hermosillo, Sonora; 13 de agosto de 2025.- El Gobierno de Sonora, a trav\u00e9s del Colegio de Estudios Cient\u00edficos y Tecnol\u00f3gicos del Estado de Sonora (Cecyte), dio la bienvenida a m\u00e1s de 10 mil j\u00f3venes de nuevo ingreso en los distintos planteles distribuidos a lo largo de la entidad. La jornada de inicio arranc\u00f3 con el [&hellip;]<\/p>\n","protected":false},"author":2,"featured_media":226693,"comment_status":"closed","ping_status":"closed","sticky":false,"template":"","format":"standard","meta":{"footnotes":""},"categories":[12870,178],"tags":[12865,12869],"class_list":["post-226692","post","type-post","status-publish","format-standard","has-post-thumbnail","hentry","category-destacadas","category-local","tag-destacadas","tag-local"],"jetpack_featured_media_url":"https:\/\/rnoticias.com.mx\/Portal\/wp-content\/uploads\/2025\/08\/unnamed-1-17.jpg","amp_enabled":true,"_links":{"self":[{"href":"https:\/\/rnoticias.com.mx\/Portal\/wp-json\/wp\/v2\/posts\/226692","targetHints":{"allow":["GET"]}}],"collection":[{"href":"https:\/\/rnoticias.com.mx\/Portal\/wp-json\/wp\/v2\/posts"}],"about":[{"href":"https:\/\/rnoticias.com.mx\/Portal\/wp-json\/wp\/v2\/types\/post"}],"author":[{"embeddable":true,"href":"https:\/\/rnoticias.com.mx\/Portal\/wp-json\/wp\/v2\/users\/2"}],"replies":[{"embeddable":true,"href":"https:\/\/rnoticias.com.mx\/Portal\/wp-json\/wp\/v2\/comments?post=226692"}],"version-history":[{"count":1,"href":"https:\/\/rnoticias.com.mx\/Portal\/wp-json\/wp\/v2\/posts\/226692\/revisions"}],"predecessor-version":[{"id":226694,"href":"https:\/\/rnoticias.com.mx\/Portal\/wp-json\/wp\/v2\/posts\/226692\/revisions\/226694"}],"wp:featuredmedia":[{"embeddable":true,"href":"https:\/\/rnoticias.com.mx\/Portal\/wp-json\/wp\/v2\/media\/226693"}],"wp:attachment":[{"href":"https:\/\/rnoticias.com.mx\/Portal\/wp-json\/wp\/v2\/media?parent=226692"}],"wp:term":[{"taxonomy":"category","embeddable":true,"href":"https:\/\/rnoticias.com.mx\/Portal\/wp-json\/wp\/v2\/categories?post=226692"},{"taxonomy":"post_tag","embeddable":true,"href":"https:\/\/rnoticias.com.mx\/Portal\/wp-json\/wp\/v2\/tags?post=226692"}],"curies":[{"name":"wp","href":"https:\/\/api.w.org\/{rel}","templated":true}]}}