{"id":226689,"date":"2025-08-13T20:29:12","date_gmt":"2025-08-14T03:29:12","guid":{"rendered":"https:\/\/rnoticias.com.mx\/Portal\/?p=226689"},"modified":"2025-08-13T20:29:12","modified_gmt":"2025-08-14T03:29:12","slug":"firman-ine-e-idea-internacional-memorando-de-entendimiento-para-reforzar-colaboracion-en-materia-electoral","status":"publish","type":"post","link":"https:\/\/rnoticias.com.mx\/Portal\/2025\/08\/13\/firman-ine-e-idea-internacional-memorando-de-entendimiento-para-reforzar-colaboracion-en-materia-electoral\/","title":{"rendered":"Firman INE e IDEA Internacional Memorando de entendimiento para reforzar colaboraci\u00f3n en materia electoral"},"content":{"rendered":"<p class=\"x_MsoNormal\"><span data-olk-copy-source=\"MessageBody\">El Instituto Nacional Electoral (INE) y el Instituto Internacional para la Democracia y la Asistencia Electoral (IDEA Internacional) firmaron un Memorando de entendimiento vigente hasta 2028, con el objetivo de impulsar y llevar a cabo acciones de intercambio, cooperaci\u00f3n y asistencia t\u00e9cnica sobre temas relacionados con la democracia, especialmente la administraci\u00f3n electoral, a nivel nacional, regional e internacional.<\/span><\/p>\n<p class=\"x_MsoNormal\">\n<p class=\"x_MsoNormal\">En el marco de la firma, la Consejera Presidenta del INE, Guadalupe Taddei Zavala, asegur\u00f3 que este documento\u00a0<a name=\"x__Hlk205974334\"><\/a>fortalecer\u00e1 los trabajos del Instituto al interior, pero tambi\u00e9n a nivel internacional\u00a0y en el \u00e1mbito de las relaciones con diferentes instancias, con el fin de generar mejores pr\u00e1cticas en materia de administraci\u00f3n de los procedimientos electorales.<\/p>\n<p class=\"x_MsoNormal\">\n<p class=\"x_MsoNormal\">El denominador de ambas instituciones, subray\u00f3, es \u201cel fortalecimiento de los conocimientos de las autoridades electorales\u201d.<\/p>\n<p class=\"x_MsoNormal\">\n<p class=\"x_MsoNormal\">Al inaugurar los trabajos del taller internacional de\u00a0<i>Inteligencia Artificial (IA) y Gesti\u00f3n Electoral<\/i>, impartido por IDEA Internacional, destac\u00f3 que la IA tiene que ser vista con \u00e9tica y con un uso responsable en el \u00e1mbito electoral.<\/p>\n<p class=\"x_MsoNormal\">\u201cEstamos frente a la posibilidad de que la Inteligencia Artificial en vez de que sea un peligro para la democracia, se convierta en un aliado para nuestros trabajos\u201d, agreg\u00f3.<\/p>\n<p class=\"x_MsoNormal\">\n<p class=\"x_MsoNormal\"><b><i>INE a la vanguardia en innovaci\u00f3n electoral<\/i><\/b><\/p>\n<p class=\"x_MsoNormal\"><b><i>\u00a0<\/i><\/b><\/p>\n<p class=\"x_MsoNormal\">Por su parte, la Directora para Am\u00e9rica Latina y el Caribe de IDEA Internacional, Marcela R\u00edos Tobar, recalc\u00f3 que M\u00e9xico ha sido y sigue siendo un referente en Am\u00e9rica Latina y ha estado a la vanguardia en materia de innovaci\u00f3n electoral, de participaci\u00f3n ciudadana y, m\u00e1s recientemente, de igualdad de g\u00e9nero.<\/p>\n<p class=\"x_MsoNormal\">\n<p class=\"x_MsoNormal\">\u201cDesde IDEA Internacional valoramos profundamente la colaboraci\u00f3n con el Instituto, una instituci\u00f3n que ha demostrado liderazgo, profesionalizaci\u00f3n y una firme vocaci\u00f3n de servicio\u201d, enfatiz\u00f3.<\/p>\n<p class=\"x_MsoNormal\">\n<p class=\"x_MsoNormal\">Marcela R\u00edos explic\u00f3 que la renovaci\u00f3n de este acuerdo permite mirar hacia el futuro con entusiasmo y continuar reforzando los temas tradicionales de la organizaci\u00f3n de las elecciones, pero tambi\u00e9n poner un foco en nuevos temas como la desinformaci\u00f3n, prevenci\u00f3n de la Violencia Pol\u00edtica contra las Mujeres en Raz\u00f3n de G\u00e9nero, capacitaciones en materia de Inteligencia Artificial y elecciones, entre otros.<\/p>\n<p class=\"x_MsoNormal\">\n<p class=\"x_MsoNormal\">Al evento tambi\u00e9n asistieron las consejeras Dania Ravel Cuevas, Norma De La Cruz Maga\u00f1a; Rita Bell L\u00f3pez Vences y Carla Humphrey Jordan; el Consejero Mart\u00edn Faz Mora; la Coordinadora de Asuntos Internacionales, Marisa Arlene Cabral Porchas; la Secretaria Ejecutiva del INE, Claudia Arlett Espino; el Titular del \u00d3rgano Interno de Control (OIC), V\u00edctor Hugo Carvente Contreras, as\u00ed como las y los integrantes de la Junta General Ejecutiva.<\/p>\n<p class=\"x_MsoNormal\">\n<p class=\"x_MsoNormal\">Adem\u00e1s, la Gerenta del proyecto Integridad Electoral y G\u00e9nero, de IDEA Internacional para la Regi\u00f3n Latinoam\u00e9rica y el Caribe, Alejandra Sep\u00falveda.<\/p>\n<p class=\"x_MsoNormal\"><b>\u00a0<\/b><\/p>\n","protected":false},"excerpt":{"rendered":"<p>El Instituto Nacional Electoral (INE) y el Instituto Internacional para la Democracia y la Asistencia Electoral (IDEA Internacional) firmaron un Memorando de entendimiento vigente hasta 2028, con el objetivo de impulsar y llevar a cabo acciones de intercambio, cooperaci\u00f3n y asistencia t\u00e9cnica sobre temas relacionados con la democracia, especialmente la administraci\u00f3n electoral, a nivel nacional, [&hellip;]<\/p>\n","protected":false},"author":2,"featured_media":226690,"comment_status":"closed","ping_status":"closed","sticky":false,"template":"","format":"standard","meta":{"footnotes":""},"categories":[12870,12868],"tags":[12865,12879],"class_list":["post-226689","post","type-post","status-publish","format-standard","has-post-thumbnail","hentry","category-destacadas","category-politica","tag-destacadas","tag-politica"],"jetpack_featured_media_url":"https:\/\/rnoticias.com.mx\/Portal\/wp-content\/uploads\/2025\/08\/1000698422.jpg","amp_enabled":true,"_links":{"self":[{"href":"https:\/\/rnoticias.com.mx\/Portal\/wp-json\/wp\/v2\/posts\/226689","targetHints":{"allow":["GET"]}}],"collection":[{"href":"https:\/\/rnoticias.com.mx\/Portal\/wp-json\/wp\/v2\/posts"}],"about":[{"href":"https:\/\/rnoticias.com.mx\/Portal\/wp-json\/wp\/v2\/types\/post"}],"author":[{"embeddable":true,"href":"https:\/\/rnoticias.com.mx\/Portal\/wp-json\/wp\/v2\/users\/2"}],"replies":[{"embeddable":true,"href":"https:\/\/rnoticias.com.mx\/Portal\/wp-json\/wp\/v2\/comments?post=226689"}],"version-history":[{"count":1,"href":"https:\/\/rnoticias.com.mx\/Portal\/wp-json\/wp\/v2\/posts\/226689\/revisions"}],"predecessor-version":[{"id":226691,"href":"https:\/\/rnoticias.com.mx\/Portal\/wp-json\/wp\/v2\/posts\/226689\/revisions\/226691"}],"wp:featuredmedia":[{"embeddable":true,"href":"https:\/\/rnoticias.com.mx\/Portal\/wp-json\/wp\/v2\/media\/226690"}],"wp:attachment":[{"href":"https:\/\/rnoticias.com.mx\/Portal\/wp-json\/wp\/v2\/media?parent=226689"}],"wp:term":[{"taxonomy":"category","embeddable":true,"href":"https:\/\/rnoticias.com.mx\/Portal\/wp-json\/wp\/v2\/categories?post=226689"},{"taxonomy":"post_tag","embeddable":true,"href":"https:\/\/rnoticias.com.mx\/Portal\/wp-json\/wp\/v2\/tags?post=226689"}],"curies":[{"name":"wp","href":"https:\/\/api.w.org\/{rel}","templated":true}]}}