{"id":226686,"date":"2025-08-13T20:28:12","date_gmt":"2025-08-14T03:28:12","guid":{"rendered":"https:\/\/rnoticias.com.mx\/Portal\/?p=226686"},"modified":"2025-08-13T20:28:12","modified_gmt":"2025-08-14T03:28:12","slug":"vinculados-a-proceso-a-cuatro-sujetos-por-homicidio-en-centro-de-rehabilitacion-en-ciudad-obregon","status":"publish","type":"post","link":"https:\/\/rnoticias.com.mx\/Portal\/2025\/08\/13\/vinculados-a-proceso-a-cuatro-sujetos-por-homicidio-en-centro-de-rehabilitacion-en-ciudad-obregon\/","title":{"rendered":"Vinculados a proceso a cuatro sujetos por homicidio en centro de rehabilitaci\u00f3n en Ciudad Obreg\u00f3n"},"content":{"rendered":"<p>Cajeme, Sonora, 13 de agosto de 2025.- La Fiscal\u00eda General de Justicia del Estado de Sonora (FGJES) obtuvo la vinculaci\u00f3n a proceso de Juan Alberto \u201cN\u201d, de 29 a\u00f1os, Jos\u00e9 Andr\u00e9s \u201cN\u201d, de 24, Mario Manuel \u201cN\u201d, de 25, y Jes\u00fas Ricardo \u201cN\u201d, de 26, por su probable responsabilidad en el delito de homicidio calificado por premeditaci\u00f3n, alevos\u00eda y ventaja, en agravio de Juan Manuel \u201cN\u201d, de 34 a\u00f1os, en Ciudad Obreg\u00f3n.<\/p>\n<p>Las investigaciones ministeriales determinaron que el pasado 3 de agosto, alrededor de las 03:00 horas, los imputados se encontraban en el interior de un centro de rehabilitaci\u00f3n ubicado en la calle M\u00e1rmol entre Topacio y Turquesa, en la colonia Valle Verde.<\/p>\n<p>En el lugar, tras reflexionar sobre el delito que cometer\u00edan, tomaron por sorpresa a la v\u00edctima, a quien superaban en n\u00famero, someti\u00e9ndola f\u00edsicamente y golpe\u00e1ndola hasta provocarle la muerte, por asfixia, con lo que vulneraron el bien jur\u00eddico tutelado de la vida.<\/p>\n<p>En la continuaci\u00f3n de la audiencia inicial, el Juez resolvi\u00f3 vincular a proceso a los imputados, imponiendo un plazo de cuatro meses para el cierre de la investigaci\u00f3n complementaria, y ratificando la medida cautelar de prisi\u00f3n preventiva.<\/p>\n<p>La Fiscal\u00eda General de Justicia del Estado de Sonora (FGJES) refrenda su compromiso de actuar con firmeza, legalidad y apego irrestricto a los derechos humanos, garantizando que todo hecho delictivo sea investigado con rigor y que las personas responsables respondan ante la ley.<\/p>\n","protected":false},"excerpt":{"rendered":"<p>Cajeme, Sonora, 13 de agosto de 2025.- La Fiscal\u00eda General de Justicia del Estado de Sonora (FGJES) obtuvo la vinculaci\u00f3n a proceso de Juan Alberto \u201cN\u201d, de 29 a\u00f1os, Jos\u00e9 Andr\u00e9s \u201cN\u201d, de 24, Mario Manuel \u201cN\u201d, de 25, y Jes\u00fas Ricardo \u201cN\u201d, de 26, por su probable responsabilidad en el delito de homicidio calificado [&hellip;]<\/p>\n","protected":false},"author":2,"featured_media":226687,"comment_status":"closed","ping_status":"closed","sticky":false,"template":"","format":"standard","meta":{"footnotes":""},"categories":[12870,174],"tags":[12865,12873],"class_list":["post-226686","post","type-post","status-publish","format-standard","has-post-thumbnail","hentry","category-destacadas","category-estatal","tag-destacadas","tag-estatal"],"jetpack_featured_media_url":"https:\/\/rnoticias.com.mx\/Portal\/wp-content\/uploads\/2025\/08\/0117cf24-b4a2-44c5-ab03-8cd5bb8b0430.jpg","amp_enabled":true,"_links":{"self":[{"href":"https:\/\/rnoticias.com.mx\/Portal\/wp-json\/wp\/v2\/posts\/226686","targetHints":{"allow":["GET"]}}],"collection":[{"href":"https:\/\/rnoticias.com.mx\/Portal\/wp-json\/wp\/v2\/posts"}],"about":[{"href":"https:\/\/rnoticias.com.mx\/Portal\/wp-json\/wp\/v2\/types\/post"}],"author":[{"embeddable":true,"href":"https:\/\/rnoticias.com.mx\/Portal\/wp-json\/wp\/v2\/users\/2"}],"replies":[{"embeddable":true,"href":"https:\/\/rnoticias.com.mx\/Portal\/wp-json\/wp\/v2\/comments?post=226686"}],"version-history":[{"count":1,"href":"https:\/\/rnoticias.com.mx\/Portal\/wp-json\/wp\/v2\/posts\/226686\/revisions"}],"predecessor-version":[{"id":226688,"href":"https:\/\/rnoticias.com.mx\/Portal\/wp-json\/wp\/v2\/posts\/226686\/revisions\/226688"}],"wp:featuredmedia":[{"embeddable":true,"href":"https:\/\/rnoticias.com.mx\/Portal\/wp-json\/wp\/v2\/media\/226687"}],"wp:attachment":[{"href":"https:\/\/rnoticias.com.mx\/Portal\/wp-json\/wp\/v2\/media?parent=226686"}],"wp:term":[{"taxonomy":"category","embeddable":true,"href":"https:\/\/rnoticias.com.mx\/Portal\/wp-json\/wp\/v2\/categories?post=226686"},{"taxonomy":"post_tag","embeddable":true,"href":"https:\/\/rnoticias.com.mx\/Portal\/wp-json\/wp\/v2\/tags?post=226686"}],"curies":[{"name":"wp","href":"https:\/\/api.w.org\/{rel}","templated":true}]}}