{"id":226683,"date":"2025-08-13T20:26:31","date_gmt":"2025-08-14T03:26:31","guid":{"rendered":"https:\/\/rnoticias.com.mx\/Portal\/?p=226683"},"modified":"2025-08-13T20:26:31","modified_gmt":"2025-08-14T03:26:31","slug":"concluye-congreso-de-sonora-seminarios-para-una-gestion-municipal-eficaz","status":"publish","type":"post","link":"https:\/\/rnoticias.com.mx\/Portal\/2025\/08\/13\/concluye-congreso-de-sonora-seminarios-para-una-gestion-municipal-eficaz\/","title":{"rendered":"Concluye Congreso de Sonora seminarios para una gesti\u00f3n municipal eficaz"},"content":{"rendered":"<p>Hermosillo, Sonora; 13 de agosto de 2025.- Tras visitar diversos municipios y congregar a autoridades locales en espacios de capacitaci\u00f3n y di\u00e1logo, el Congreso del Estado de Sonora dio por concluido el tercer y \u00faltimo Seminario Municipalista \u201cHacia la profesionalizaci\u00f3n del funcionario municipal\u201d, con el que se cerr\u00f3 un ciclo de trabajo dedicado a fortalecer la gesti\u00f3n p\u00fablica en el \u00e1mbito local.<\/p>\n<p>A lo largo de tres ediciones, los encuentros organizados por la Comisi\u00f3n de Presupuestos y Asuntos Municipales tuvieron como prop\u00f3sito compartir herramientas, conocimientos y experiencias que contribuyeran a mejorar las capacidades t\u00e9cnicas, jur\u00eddicas y administrativas de las personas funcionarias p\u00fablicas.<\/p>\n<p>La diputada Rebeca Silva Gallardo (NAS), presidenta de la comisi\u00f3n, destac\u00f3 que este ciclo de seminarios cumpli\u00f3 con el objetivo de abrir espacios de di\u00e1logo, actualizaci\u00f3n y aprendizaje colectivo, con el fin de fomentar una cultura de capacitaci\u00f3n continua.<\/p>\n<p>Durante la jornada, se abordaron temas relacionados con la prevenci\u00f3n de inconstitucionalidades; licencias y renuncias de autoridades municipales; impactos positivos en las finanzas municipales derivados de la correcta clasificaci\u00f3n de los valores catastrales; propuestas para anteproyectos de ley y presupuestos de ingresos; principio de paridad en los ayuntamientos; y programas de Banobras.<\/p>\n<p>En esta edici\u00f3n final se cont\u00f3 con la participaci\u00f3n de personas servidoras p\u00fablicas de Agua Prieta, Hermosillo, Magdalena de Kino, Ures, Puerto Pe\u00f1asco, \u00cdmuris, Altar, Carb\u00f3, \u00d3navas, Benjam\u00edn Hill, Cucurpe, Plutarco El\u00edas Calles, Santa Ana y Cananea.<\/p>\n<p>Estuvieron presentes las diputadas y los diputados: Gabriela F\u00e9lix Boj\u00f3rquez (MC), Iris S\u00e1nchez Chiu (PRI), David Figueroa Ortega (PVEM), Norberto Barraza Almaz\u00e1n (PES), C\u00e9sar Salazar L\u00f3pez (NAS), Emeterio Ochoa Baz\u00faa (PR), Rub\u00e9n Gonz\u00e1lez Aguayo (PT) y Ren\u00e9 Garc\u00eda Rojo (PT).<\/p>\n","protected":false},"excerpt":{"rendered":"<p>Hermosillo, Sonora; 13 de agosto de 2025.- Tras visitar diversos municipios y congregar a autoridades locales en espacios de capacitaci\u00f3n y di\u00e1logo, el Congreso del Estado de Sonora dio por concluido el tercer y \u00faltimo Seminario Municipalista \u201cHacia la profesionalizaci\u00f3n del funcionario municipal\u201d, con el que se cerr\u00f3 un ciclo de trabajo dedicado a fortalecer [&hellip;]<\/p>\n","protected":false},"author":2,"featured_media":226684,"comment_status":"closed","ping_status":"closed","sticky":false,"template":"","format":"standard","meta":{"footnotes":""},"categories":[12870,12868],"tags":[12865,12879],"class_list":["post-226683","post","type-post","status-publish","format-standard","has-post-thumbnail","hentry","category-destacadas","category-politica","tag-destacadas","tag-politica"],"jetpack_featured_media_url":"https:\/\/rnoticias.com.mx\/Portal\/wp-content\/uploads\/2025\/08\/e4227c93-d5ae-4f92-aef7-e303ebcfa0e4.jpg","amp_enabled":true,"_links":{"self":[{"href":"https:\/\/rnoticias.com.mx\/Portal\/wp-json\/wp\/v2\/posts\/226683","targetHints":{"allow":["GET"]}}],"collection":[{"href":"https:\/\/rnoticias.com.mx\/Portal\/wp-json\/wp\/v2\/posts"}],"about":[{"href":"https:\/\/rnoticias.com.mx\/Portal\/wp-json\/wp\/v2\/types\/post"}],"author":[{"embeddable":true,"href":"https:\/\/rnoticias.com.mx\/Portal\/wp-json\/wp\/v2\/users\/2"}],"replies":[{"embeddable":true,"href":"https:\/\/rnoticias.com.mx\/Portal\/wp-json\/wp\/v2\/comments?post=226683"}],"version-history":[{"count":1,"href":"https:\/\/rnoticias.com.mx\/Portal\/wp-json\/wp\/v2\/posts\/226683\/revisions"}],"predecessor-version":[{"id":226685,"href":"https:\/\/rnoticias.com.mx\/Portal\/wp-json\/wp\/v2\/posts\/226683\/revisions\/226685"}],"wp:featuredmedia":[{"embeddable":true,"href":"https:\/\/rnoticias.com.mx\/Portal\/wp-json\/wp\/v2\/media\/226684"}],"wp:attachment":[{"href":"https:\/\/rnoticias.com.mx\/Portal\/wp-json\/wp\/v2\/media?parent=226683"}],"wp:term":[{"taxonomy":"category","embeddable":true,"href":"https:\/\/rnoticias.com.mx\/Portal\/wp-json\/wp\/v2\/categories?post=226683"},{"taxonomy":"post_tag","embeddable":true,"href":"https:\/\/rnoticias.com.mx\/Portal\/wp-json\/wp\/v2\/tags?post=226683"}],"curies":[{"name":"wp","href":"https:\/\/api.w.org\/{rel}","templated":true}]}}