{"id":226680,"date":"2025-08-13T20:25:19","date_gmt":"2025-08-14T03:25:19","guid":{"rendered":"https:\/\/rnoticias.com.mx\/Portal\/?p=226680"},"modified":"2025-08-13T20:25:19","modified_gmt":"2025-08-14T03:25:19","slug":"aprueban-en-comision-reforma-a-la-ley-de-salud","status":"publish","type":"post","link":"https:\/\/rnoticias.com.mx\/Portal\/2025\/08\/13\/aprueban-en-comision-reforma-a-la-ley-de-salud\/","title":{"rendered":"Aprueban en comisi\u00f3n reforma a la Ley de Salud"},"content":{"rendered":"<p>Hermosillo, Sonora; 13 de agosto de 2025.- La Comisi\u00f3n de Salud del Congreso del Estado aprob\u00f3 el dictamen de la iniciativa que reforma, adiciona y deroga diversas disposiciones de la Ley de Salud, con el prop\u00f3sito de armonizar el marco jur\u00eddico estatal con el nuevo modelo federal del Sistema de Salud para el Bienestar, as\u00ed como con la operaci\u00f3n del programa IMSS-Bienestar en la entidad.<\/p>\n<p>Durante la sesi\u00f3n, la diputada Amairany Pe\u00f1a Escalante (PES), presidenta de la comisi\u00f3n, destac\u00f3 que la propuesta, enviada por el Ejecutivo estatal, representa un paso fundamental para garantizar que las y los sonorenses cuenten con un marco legal actualizado que facilite el acceso oportuno, gratuito y de calidad a los servicios m\u00e9dicos.<\/p>\n<p>La legisladora explic\u00f3 que, adem\u00e1s de homologar la legislaci\u00f3n local con la federal, la reforma incorpora la representaci\u00f3n del IMSS-Bienestar en el Consejo Estatal de Salud, lo que permitir\u00e1 fortalecer la coordinaci\u00f3n interinstitucional.<\/p>\n<p>El dictamen ser\u00e1 turnado a la Comisi\u00f3n de R\u00e9gimen Interno y Concertaci\u00f3n Pol\u00edtica (CRICP) para su inclusi\u00f3n en el orden del d\u00eda de una pr\u00f3xima sesi\u00f3n.<\/p>\n<p>En la reuni\u00f3n participaron las diputadas y diputados Rebeca Silva Gallardo (NAS), Iris S\u00e1nchez Chiu (PRI), Omar Del Valle Colosio (PVEM), Ren\u00e9 Garc\u00eda Rojo (PT) y Ra\u00fal Gonz\u00e1lez de la Vega.<\/p>\n","protected":false},"excerpt":{"rendered":"<p>Hermosillo, Sonora; 13 de agosto de 2025.- La Comisi\u00f3n de Salud del Congreso del Estado aprob\u00f3 el dictamen de la iniciativa que reforma, adiciona y deroga diversas disposiciones de la Ley de Salud, con el prop\u00f3sito de armonizar el marco jur\u00eddico estatal con el nuevo modelo federal del Sistema de Salud para el Bienestar, as\u00ed [&hellip;]<\/p>\n","protected":false},"author":2,"featured_media":226681,"comment_status":"closed","ping_status":"closed","sticky":false,"template":"","format":"standard","meta":{"footnotes":""},"categories":[12870,12868],"tags":[12865,12879],"class_list":["post-226680","post","type-post","status-publish","format-standard","has-post-thumbnail","hentry","category-destacadas","category-politica","tag-destacadas","tag-politica"],"jetpack_featured_media_url":"https:\/\/rnoticias.com.mx\/Portal\/wp-content\/uploads\/2025\/08\/6df1e1ec-8db3-428c-9aa7-b7690fefc8b3.jpg","amp_enabled":true,"_links":{"self":[{"href":"https:\/\/rnoticias.com.mx\/Portal\/wp-json\/wp\/v2\/posts\/226680","targetHints":{"allow":["GET"]}}],"collection":[{"href":"https:\/\/rnoticias.com.mx\/Portal\/wp-json\/wp\/v2\/posts"}],"about":[{"href":"https:\/\/rnoticias.com.mx\/Portal\/wp-json\/wp\/v2\/types\/post"}],"author":[{"embeddable":true,"href":"https:\/\/rnoticias.com.mx\/Portal\/wp-json\/wp\/v2\/users\/2"}],"replies":[{"embeddable":true,"href":"https:\/\/rnoticias.com.mx\/Portal\/wp-json\/wp\/v2\/comments?post=226680"}],"version-history":[{"count":1,"href":"https:\/\/rnoticias.com.mx\/Portal\/wp-json\/wp\/v2\/posts\/226680\/revisions"}],"predecessor-version":[{"id":226682,"href":"https:\/\/rnoticias.com.mx\/Portal\/wp-json\/wp\/v2\/posts\/226680\/revisions\/226682"}],"wp:featuredmedia":[{"embeddable":true,"href":"https:\/\/rnoticias.com.mx\/Portal\/wp-json\/wp\/v2\/media\/226681"}],"wp:attachment":[{"href":"https:\/\/rnoticias.com.mx\/Portal\/wp-json\/wp\/v2\/media?parent=226680"}],"wp:term":[{"taxonomy":"category","embeddable":true,"href":"https:\/\/rnoticias.com.mx\/Portal\/wp-json\/wp\/v2\/categories?post=226680"},{"taxonomy":"post_tag","embeddable":true,"href":"https:\/\/rnoticias.com.mx\/Portal\/wp-json\/wp\/v2\/tags?post=226680"}],"curies":[{"name":"wp","href":"https:\/\/api.w.org\/{rel}","templated":true}]}}