{"id":226677,"date":"2025-08-13T20:24:36","date_gmt":"2025-08-14T03:24:36","guid":{"rendered":"https:\/\/rnoticias.com.mx\/Portal\/?p=226677"},"modified":"2025-08-13T20:24:36","modified_gmt":"2025-08-14T03:24:36","slug":"la-diputacion-permanente-del-congreso-de-sonora-da-tramite-a-correspondencia-y-aprueba-actas","status":"publish","type":"post","link":"https:\/\/rnoticias.com.mx\/Portal\/2025\/08\/13\/la-diputacion-permanente-del-congreso-de-sonora-da-tramite-a-correspondencia-y-aprueba-actas\/","title":{"rendered":"La Diputaci\u00f3n Permanente del Congreso de Sonora da tr\u00e1mite a correspondencia y aprueba actas"},"content":{"rendered":"<p>Hermosillo, Sonora; 13 de agosto de 2025.- La Diputaci\u00f3n Permanente del Congreso del Estado de Sonora celebr\u00f3 este d\u00eda una sesi\u00f3n en la que dio tr\u00e1mite a la correspondencia recibida y aprob\u00f3 las actas de sesiones anteriores.<\/p>\n<p>Encabezada por el diputado Omar Del Valle Colosio (PVEM), la sesi\u00f3n cont\u00f3 con la presencia de la diputada Amairany Pe\u00f1a Escalante (PES) y del diputado Rub\u00e9n Refugio Gonz\u00e1lez Aguayo (PT), integrantes de la Mesa Directiva, as\u00ed como de diputado Ra\u00fal Gonz\u00e1lez de la Vega.<\/p>\n<p>Durante el desarrollo de los trabajos, las y los integrantes de la Diputaci\u00f3n Permanente revisaron y turnaron a las comisiones correspondientes diversos oficios, documentos y escritos enviados por autoridades, dependencias y organismos, comprendidos en el periodo del 15 de julio al 8 de agosto de 2025. Estos documentos incluyen informes de auditor\u00edas, respuestas a exhortos y nombramientos de personas servidoras p\u00fablicas de ayuntamientos, entre otros.<\/p>\n<p>Asimismo, se aprob\u00f3 el contenido de las actas de sesiones celebradas los d\u00edas 12 de mayo, 9 y 16 de julio, as\u00ed como la correspondiente al 5 de agosto del presente a\u00f1o.<\/p>\n<p>La convocatoria para la pr\u00f3xima sesi\u00f3n ser\u00e1 publicada oportunamente en la Gaceta Parlamentaria.<\/p>\n","protected":false},"excerpt":{"rendered":"<p>Hermosillo, Sonora; 13 de agosto de 2025.- La Diputaci\u00f3n Permanente del Congreso del Estado de Sonora celebr\u00f3 este d\u00eda una sesi\u00f3n en la que dio tr\u00e1mite a la correspondencia recibida y aprob\u00f3 las actas de sesiones anteriores. Encabezada por el diputado Omar Del Valle Colosio (PVEM), la sesi\u00f3n cont\u00f3 con la presencia de la diputada [&hellip;]<\/p>\n","protected":false},"author":2,"featured_media":226678,"comment_status":"closed","ping_status":"closed","sticky":false,"template":"","format":"standard","meta":{"footnotes":""},"categories":[12870,12868],"tags":[12865,12879],"class_list":["post-226677","post","type-post","status-publish","format-standard","has-post-thumbnail","hentry","category-destacadas","category-politica","tag-destacadas","tag-politica"],"jetpack_featured_media_url":"https:\/\/rnoticias.com.mx\/Portal\/wp-content\/uploads\/2025\/08\/e1c00f2d-f4f2-415c-9029-cd8f9553e26a.jpg","amp_enabled":true,"_links":{"self":[{"href":"https:\/\/rnoticias.com.mx\/Portal\/wp-json\/wp\/v2\/posts\/226677","targetHints":{"allow":["GET"]}}],"collection":[{"href":"https:\/\/rnoticias.com.mx\/Portal\/wp-json\/wp\/v2\/posts"}],"about":[{"href":"https:\/\/rnoticias.com.mx\/Portal\/wp-json\/wp\/v2\/types\/post"}],"author":[{"embeddable":true,"href":"https:\/\/rnoticias.com.mx\/Portal\/wp-json\/wp\/v2\/users\/2"}],"replies":[{"embeddable":true,"href":"https:\/\/rnoticias.com.mx\/Portal\/wp-json\/wp\/v2\/comments?post=226677"}],"version-history":[{"count":1,"href":"https:\/\/rnoticias.com.mx\/Portal\/wp-json\/wp\/v2\/posts\/226677\/revisions"}],"predecessor-version":[{"id":226679,"href":"https:\/\/rnoticias.com.mx\/Portal\/wp-json\/wp\/v2\/posts\/226677\/revisions\/226679"}],"wp:featuredmedia":[{"embeddable":true,"href":"https:\/\/rnoticias.com.mx\/Portal\/wp-json\/wp\/v2\/media\/226678"}],"wp:attachment":[{"href":"https:\/\/rnoticias.com.mx\/Portal\/wp-json\/wp\/v2\/media?parent=226677"}],"wp:term":[{"taxonomy":"category","embeddable":true,"href":"https:\/\/rnoticias.com.mx\/Portal\/wp-json\/wp\/v2\/categories?post=226677"},{"taxonomy":"post_tag","embeddable":true,"href":"https:\/\/rnoticias.com.mx\/Portal\/wp-json\/wp\/v2\/tags?post=226677"}],"curies":[{"name":"wp","href":"https:\/\/api.w.org\/{rel}","templated":true}]}}