{"id":226674,"date":"2025-08-13T20:20:38","date_gmt":"2025-08-14T03:20:38","guid":{"rendered":"https:\/\/rnoticias.com.mx\/Portal\/?p=226674"},"modified":"2025-08-13T20:20:38","modified_gmt":"2025-08-14T03:20:38","slug":"realiza-congreso-de-sonora-parlamento-abierto-para-analizar-iniciativa-de-ley-que-propone-la-figura-de-diputado-migrante","status":"publish","type":"post","link":"https:\/\/rnoticias.com.mx\/Portal\/2025\/08\/13\/realiza-congreso-de-sonora-parlamento-abierto-para-analizar-iniciativa-de-ley-que-propone-la-figura-de-diputado-migrante\/","title":{"rendered":"Realiza Congreso de Sonora parlamento abierto para analizar iniciativa de ley que propone la figura de Diputado Migrante"},"content":{"rendered":"<p>Hermosillo, Sonora; 13 de agosto de 2025.- Con la participaci\u00f3n de legisladores integrantes de la Comisi\u00f3n de Gobernaci\u00f3n y Puntos Constitucionales, representantes de organismos pol\u00edticos, acad\u00e9micos y de la sociedad civil, se llev\u00f3 a cabo en el Congreso del Estado el foro \u201cIniciativa para incluir la figura del Diputado Migrante\u201d.<\/p>\n<p>El presidente de la Comisi\u00f3n, diputado Julio C\u00e9sar Navarro Contreras (Morena), dirigi\u00f3 un mensaje de bienvenida a las y los asistentes y cedi\u00f3 la palabra al diputado David Figueroa Ortega (PVEM), promovente de la iniciativa, quien expuso el contenido de la propuesta.<\/p>\n<p>El legislador se\u00f1al\u00f3 que Sonora cuenta con m\u00e1s de 228 mil paisanos que residen en el extranjero, principalmente en Arizona y California. Explic\u00f3 que, aunque viven lejos, contin\u00faan aportando a la econom\u00eda, la cultura y la identidad del estado; tan solo en 2023 enviaron remesas por un monto de 91 millones de d\u00f3lares. Pese a su contribuci\u00f3n, a\u00f1adi\u00f3, estos ciudadanos carecen de representaci\u00f3n directa en el Congreso del Estado.<\/p>\n<p>La iniciativa de reforma constitucional plantea modificar los art\u00edculos 90, 16 y 31 de la Constituci\u00f3n local para reconocer como sonorenses a las y los hijos de madres y padres sonorenses nacidos fuera del territorio nacional, crear la figura del Diputado Migrante y establecer que esta figura corresponder\u00e1 a una diputaci\u00f3n por representaci\u00f3n proporcional.<\/p>\n<p>En su participaci\u00f3n, representantes de partidos pol\u00edticos manifestaron su apoyo y se comprometieron a analizarla en el seno de cada instituto pol\u00edtico. Por su parte, Ubaldo Castillo Hern\u00e1ndez, presidente de la organizaci\u00f3n Iniciativa Sonora en Movimiento, destac\u00f3 la conveniencia de establecer esta acci\u00f3n afirmativa para dar representaci\u00f3n a la comunidad migrante en el Congreso de Sonora.<\/p>\n<p>Por su parte, Nery Ruiz Arvizu, presidente del Instituto Estatal Electoral y de Participaci\u00f3n Ciudadana del Estado de Sonora (IEE Sonora), inform\u00f3 que en Ciudad de M\u00e9xico, Durango, Guerrero, Jalisco, Nayarit, Oaxaca y Zacatecas existe ya la figura del Diputado Migrante de manera permanente, por lo que, de aprobarse la iniciativa, Sonora ser\u00eda el octavo estado en contar con esta figura.<\/p>\n<p>Al cierre del foro, el diputado David Figueroa Ortega present\u00f3 las conclusiones derivadas de las intervenciones y propuestas.<\/p>\n<p>En el evento estuvieron presentes las y los diputados: Rebeca Irene Silva Gallardo (NAS), Norberto Barraza Almaz\u00e1n (PES), Rub\u00e9n Refugio Gonz\u00e1lez (PT), Gabriela F\u00e9lix Boj\u00f3rquez (PT) y Emeterio Ochoa (PRI).<\/p>\n","protected":false},"excerpt":{"rendered":"<p>Hermosillo, Sonora; 13 de agosto de 2025.- Con la participaci\u00f3n de legisladores integrantes de la Comisi\u00f3n de Gobernaci\u00f3n y Puntos Constitucionales, representantes de organismos pol\u00edticos, acad\u00e9micos y de la sociedad civil, se llev\u00f3 a cabo en el Congreso del Estado el foro \u201cIniciativa para incluir la figura del Diputado Migrante\u201d. El presidente de la Comisi\u00f3n, [&hellip;]<\/p>\n","protected":false},"author":2,"featured_media":226675,"comment_status":"closed","ping_status":"closed","sticky":false,"template":"","format":"standard","meta":{"footnotes":""},"categories":[12870,12868],"tags":[12865,12879],"class_list":["post-226674","post","type-post","status-publish","format-standard","has-post-thumbnail","hentry","category-destacadas","category-politica","tag-destacadas","tag-politica"],"jetpack_featured_media_url":"https:\/\/rnoticias.com.mx\/Portal\/wp-content\/uploads\/2025\/08\/3edc9855-67b5-4ee4-b283-6e0263a374bf.jpg","amp_enabled":true,"_links":{"self":[{"href":"https:\/\/rnoticias.com.mx\/Portal\/wp-json\/wp\/v2\/posts\/226674","targetHints":{"allow":["GET"]}}],"collection":[{"href":"https:\/\/rnoticias.com.mx\/Portal\/wp-json\/wp\/v2\/posts"}],"about":[{"href":"https:\/\/rnoticias.com.mx\/Portal\/wp-json\/wp\/v2\/types\/post"}],"author":[{"embeddable":true,"href":"https:\/\/rnoticias.com.mx\/Portal\/wp-json\/wp\/v2\/users\/2"}],"replies":[{"embeddable":true,"href":"https:\/\/rnoticias.com.mx\/Portal\/wp-json\/wp\/v2\/comments?post=226674"}],"version-history":[{"count":1,"href":"https:\/\/rnoticias.com.mx\/Portal\/wp-json\/wp\/v2\/posts\/226674\/revisions"}],"predecessor-version":[{"id":226676,"href":"https:\/\/rnoticias.com.mx\/Portal\/wp-json\/wp\/v2\/posts\/226674\/revisions\/226676"}],"wp:featuredmedia":[{"embeddable":true,"href":"https:\/\/rnoticias.com.mx\/Portal\/wp-json\/wp\/v2\/media\/226675"}],"wp:attachment":[{"href":"https:\/\/rnoticias.com.mx\/Portal\/wp-json\/wp\/v2\/media?parent=226674"}],"wp:term":[{"taxonomy":"category","embeddable":true,"href":"https:\/\/rnoticias.com.mx\/Portal\/wp-json\/wp\/v2\/categories?post=226674"},{"taxonomy":"post_tag","embeddable":true,"href":"https:\/\/rnoticias.com.mx\/Portal\/wp-json\/wp\/v2\/tags?post=226674"}],"curies":[{"name":"wp","href":"https:\/\/api.w.org\/{rel}","templated":true}]}}