{"id":226610,"date":"2025-08-13T14:18:58","date_gmt":"2025-08-13T21:18:58","guid":{"rendered":"https:\/\/rnoticias.com.mx\/Portal\/?p=226610"},"modified":"2025-08-13T14:18:58","modified_gmt":"2025-08-13T21:18:58","slug":"mexico-disminuyo-en-8-3-millones-el-numero-de-pobres-en-dos-anos","status":"publish","type":"post","link":"https:\/\/rnoticias.com.mx\/Portal\/2025\/08\/13\/mexico-disminuyo-en-8-3-millones-el-numero-de-pobres-en-dos-anos\/","title":{"rendered":"M\u00e9xico disminuy\u00f3 en 8.3 millones el n\u00famero de pobres en dos a\u00f1os"},"content":{"rendered":"<p><strong>M\u00e9xico<\/strong>\u00a0redujo en 8,3 millones el\u00a0<strong>n\u00famero de pobres<\/strong>\u00a0en 2024, a un total de 38,5 millones de personas, casi 17 % menos de los 46,8 millones de 2022, revel\u00f3 este mi\u00e9rcoles el\u00a0<strong>Instituto Nacional de Estad\u00edstica y Geograf\u00eda<\/strong>\u00a0(Inegi).<\/p>\n<p>El porcentaje de poblaci\u00f3n en situaci\u00f3n de pobreza baj\u00f3 a 29,6 % en 2024 frente a la proporci\u00f3n de 36,3 % de 2022, un descenso de 6,7 puntos porcentuales, seg\u00fan la \u00faltima medici\u00f3n del Inegi. Esta es la primera ocasi\u00f3n que el organismo se encarga de la\u00a0<strong>medici\u00f3n oficial de la pobreza<\/strong>\u00a0en M\u00e9xico, un pa\u00eds con cerca de 132 millones de habitantes, tras la desaparici\u00f3n del Consejo Nacional de Evaluaci\u00f3n de la Pol\u00edtica de Desarrollo Social (Coneval).<\/p>\n<p>Adem\u00e1s, el Inegi detall\u00f3 que al menos 2,1 millones de personas salieron de la\u00a0<strong>pobreza extrema<\/strong>\u00a0hasta un total de 7 millones. Esto representa una proporci\u00f3n del 7,1 % de la poblaci\u00f3n y un decremento de 1,8 puntos porcentuales frente a 2022, cuando hab\u00eda 9,1 millones de mexicanos en esta situaci\u00f3n.<\/p>\n<p>M\u00e9xico hab\u00eda a\u00f1adido 3,8 millones de pobres en 2020 por la crisis de la\u00a0<strong>pandemia de covid<\/strong>&#8211;<strong>19<\/strong>, pero este n\u00famero se fue reduciendo en 2022. Ahora, en 2024, el pa\u00eds redujo en 13,4 millones de personas el n\u00famero de pobres frente a 2018, cuando el 41,9 % de la poblaci\u00f3n estaba en esta condici\u00f3n, lo que signific\u00f3 una reducci\u00f3n de 12,3 puntos porcentuales desde entonces.<\/p>\n<p>&nbsp;<\/p>\n<p>&nbsp;<\/p>\n<p>Fuente: EFE<\/p>\n","protected":false},"excerpt":{"rendered":"<p>M\u00e9xico\u00a0redujo en 8,3 millones el\u00a0n\u00famero de pobres\u00a0en 2024, a un total de 38,5 millones de personas, casi 17 % menos de los 46,8 millones de 2022, revel\u00f3 este mi\u00e9rcoles el\u00a0Instituto Nacional de Estad\u00edstica y Geograf\u00eda\u00a0(Inegi). El porcentaje de poblaci\u00f3n en situaci\u00f3n de pobreza baj\u00f3 a 29,6 % en 2024 frente a la proporci\u00f3n de 36,3 [&hellip;]<\/p>\n","protected":false},"author":2,"featured_media":226611,"comment_status":"closed","ping_status":"closed","sticky":false,"template":"","format":"standard","meta":{"footnotes":""},"categories":[12870,172],"tags":[12865,12874],"class_list":["post-226610","post","type-post","status-publish","format-standard","has-post-thumbnail","hentry","category-destacadas","category-nacional","tag-destacadas","tag-nacional"],"jetpack_featured_media_url":"https:\/\/rnoticias.com.mx\/Portal\/wp-content\/uploads\/2025\/08\/670f4d8ec7bcb.jpeg","amp_enabled":true,"_links":{"self":[{"href":"https:\/\/rnoticias.com.mx\/Portal\/wp-json\/wp\/v2\/posts\/226610","targetHints":{"allow":["GET"]}}],"collection":[{"href":"https:\/\/rnoticias.com.mx\/Portal\/wp-json\/wp\/v2\/posts"}],"about":[{"href":"https:\/\/rnoticias.com.mx\/Portal\/wp-json\/wp\/v2\/types\/post"}],"author":[{"embeddable":true,"href":"https:\/\/rnoticias.com.mx\/Portal\/wp-json\/wp\/v2\/users\/2"}],"replies":[{"embeddable":true,"href":"https:\/\/rnoticias.com.mx\/Portal\/wp-json\/wp\/v2\/comments?post=226610"}],"version-history":[{"count":1,"href":"https:\/\/rnoticias.com.mx\/Portal\/wp-json\/wp\/v2\/posts\/226610\/revisions"}],"predecessor-version":[{"id":226612,"href":"https:\/\/rnoticias.com.mx\/Portal\/wp-json\/wp\/v2\/posts\/226610\/revisions\/226612"}],"wp:featuredmedia":[{"embeddable":true,"href":"https:\/\/rnoticias.com.mx\/Portal\/wp-json\/wp\/v2\/media\/226611"}],"wp:attachment":[{"href":"https:\/\/rnoticias.com.mx\/Portal\/wp-json\/wp\/v2\/media?parent=226610"}],"wp:term":[{"taxonomy":"category","embeddable":true,"href":"https:\/\/rnoticias.com.mx\/Portal\/wp-json\/wp\/v2\/categories?post=226610"},{"taxonomy":"post_tag","embeddable":true,"href":"https:\/\/rnoticias.com.mx\/Portal\/wp-json\/wp\/v2\/tags?post=226610"}],"curies":[{"name":"wp","href":"https:\/\/api.w.org\/{rel}","templated":true}]}}