{"id":226603,"date":"2025-08-13T13:10:19","date_gmt":"2025-08-13T20:10:19","guid":{"rendered":"https:\/\/rnoticias.com.mx\/Portal\/?p=226603"},"modified":"2025-08-13T13:10:19","modified_gmt":"2025-08-13T20:10:19","slug":"gobierno-de-sonora-localiza-a-ciudadano-del-reino-unido-extraviado-en-rancho-de-agua-prieta","status":"publish","type":"post","link":"https:\/\/rnoticias.com.mx\/Portal\/2025\/08\/13\/gobierno-de-sonora-localiza-a-ciudadano-del-reino-unido-extraviado-en-rancho-de-agua-prieta\/","title":{"rendered":"Gobierno de Sonora localiza a ciudadano del Reino Unido extraviado en rancho de Agua Prieta"},"content":{"rendered":"<p align=\"justify\">Hermosillo, Sonora; 13 de agosto de 2025.- Gracias a un operativo coordinado entre autoridades de los tres niveles de gobierno, el Gobierno de Sonora localiz\u00f3 con bien a un ciudadano del Reino Unido que hab\u00eda sido reportado como desaparecido desde el martes en un rancho del municipio de Agua Prieta.<\/p>\n<p align=\"justify\">Personal de la Coordinaci\u00f3n Estatal de Protecci\u00f3n Civil (CEPC) y de la Comisi\u00f3n de B\u00fasqueda de Personas para el Estado de Sonora, en coordinaci\u00f3n con autoridades federales, estatales y municipales, realiz\u00f3 la b\u00fasqueda del hombre, identificado como Jan Perry, de 70 a\u00f1os, originario de Inglaterra, quien fue encontrado y trasladado para una valoraci\u00f3n m\u00e9dica.<\/p>\n<p align=\"justify\">En las labores de localizaci\u00f3n se cont\u00f3 con apoyo de equipos, unidades, elementos, internet satelital y sistemas de comunicaci\u00f3n; adem\u00e1s, se utilizaron drones, veh\u00edculos terrestres y unidades especialmente adaptadas para b\u00fasquedas en todo terreno.<\/p>\n<p align=\"justify\">En las acciones participaron elementos de Cruz Roja, Protecci\u00f3n Civil y Seguridad P\u00fablica Municipal, Polic\u00eda Estatal de Seguridad P\u00fablica, as\u00ed como voluntarios y personal de la CEPC.<\/p>\n","protected":false},"excerpt":{"rendered":"<p>Hermosillo, Sonora; 13 de agosto de 2025.- Gracias a un operativo coordinado entre autoridades de los tres niveles de gobierno, el Gobierno de Sonora localiz\u00f3 con bien a un ciudadano del Reino Unido que hab\u00eda sido reportado como desaparecido desde el martes en un rancho del municipio de Agua Prieta. Personal de la Coordinaci\u00f3n Estatal [&hellip;]<\/p>\n","protected":false},"author":2,"featured_media":226604,"comment_status":"closed","ping_status":"closed","sticky":false,"template":"","format":"standard","meta":{"footnotes":""},"categories":[12870,174],"tags":[12865,12873],"class_list":["post-226603","post","type-post","status-publish","format-standard","has-post-thumbnail","hentry","category-destacadas","category-estatal","tag-destacadas","tag-estatal"],"jetpack_featured_media_url":"https:\/\/rnoticias.com.mx\/Portal\/wp-content\/uploads\/2025\/08\/unnamed-1-15.jpg","amp_enabled":true,"_links":{"self":[{"href":"https:\/\/rnoticias.com.mx\/Portal\/wp-json\/wp\/v2\/posts\/226603","targetHints":{"allow":["GET"]}}],"collection":[{"href":"https:\/\/rnoticias.com.mx\/Portal\/wp-json\/wp\/v2\/posts"}],"about":[{"href":"https:\/\/rnoticias.com.mx\/Portal\/wp-json\/wp\/v2\/types\/post"}],"author":[{"embeddable":true,"href":"https:\/\/rnoticias.com.mx\/Portal\/wp-json\/wp\/v2\/users\/2"}],"replies":[{"embeddable":true,"href":"https:\/\/rnoticias.com.mx\/Portal\/wp-json\/wp\/v2\/comments?post=226603"}],"version-history":[{"count":1,"href":"https:\/\/rnoticias.com.mx\/Portal\/wp-json\/wp\/v2\/posts\/226603\/revisions"}],"predecessor-version":[{"id":226605,"href":"https:\/\/rnoticias.com.mx\/Portal\/wp-json\/wp\/v2\/posts\/226603\/revisions\/226605"}],"wp:featuredmedia":[{"embeddable":true,"href":"https:\/\/rnoticias.com.mx\/Portal\/wp-json\/wp\/v2\/media\/226604"}],"wp:attachment":[{"href":"https:\/\/rnoticias.com.mx\/Portal\/wp-json\/wp\/v2\/media?parent=226603"}],"wp:term":[{"taxonomy":"category","embeddable":true,"href":"https:\/\/rnoticias.com.mx\/Portal\/wp-json\/wp\/v2\/categories?post=226603"},{"taxonomy":"post_tag","embeddable":true,"href":"https:\/\/rnoticias.com.mx\/Portal\/wp-json\/wp\/v2\/tags?post=226603"}],"curies":[{"name":"wp","href":"https:\/\/api.w.org\/{rel}","templated":true}]}}