{"id":226595,"date":"2025-08-13T08:24:53","date_gmt":"2025-08-13T15:24:53","guid":{"rendered":"https:\/\/rnoticias.com.mx\/Portal\/?p=226595"},"modified":"2025-08-13T08:24:53","modified_gmt":"2025-08-13T15:24:53","slug":"fortalece-gobierno-de-sonora-coordinacion-para-el-desarrollo-rural-sustentable-en-el-sur-del-estado","status":"publish","type":"post","link":"https:\/\/rnoticias.com.mx\/Portal\/2025\/08\/13\/fortalece-gobierno-de-sonora-coordinacion-para-el-desarrollo-rural-sustentable-en-el-sur-del-estado\/","title":{"rendered":"Fortalece Gobierno de Sonora coordinaci\u00f3n para el desarrollo rural sustentable en el sur del estado"},"content":{"rendered":"<p align=\"left\">Ciudad Obreg\u00f3n, Sonora; 13 de agosto de 2025.- Con el objetivo de fortalecer la coordinaci\u00f3n institucional y cumplir con lo establecido en la Ley de Desarrollo Rural Sustentable, el Gobierno de Sonora, que encabeza Alfonso Durazo, particip\u00f3 en la instalaci\u00f3n de los Consejos Distritales de Desarrollo Rural Sustentable del DDR 148 Cajeme y 149 Navojoa, convocados por la Secretar\u00eda de Agricultura y Desarrollo Rural (Sader).<\/p>\n<p align=\"left\">Este mecanismo permitir\u00e1 reforzar el trabajo conjunto entre autoridades federales, estatales y municipales, as\u00ed como con productores y organizaciones del sur de Sonora, para impulsar estrategias que mejoren la productividad y el bienestar de las comunidades rurales.<\/p>\n<p align=\"left\">Celida L\u00f3pez C\u00e1rdenas, secretaria de Agricultura, Ganader\u00eda, Recursos Hidr\u00e1ulicos, Pesca y Acuacultura (Sagarhpa), agradeci\u00f3 la invitaci\u00f3n de Juan Gonz\u00e1lez, representante de la Sader en Sonora, para participar en este acto de instalaci\u00f3n como Secretar\u00eda T\u00e9cnica de los consejos.<\/p>\n<p align=\"left\">La titular de Sagarhpa destac\u00f3 el acompa\u00f1amiento de las autoridades municipales de Rosario Tesopaco, Cajeme, Quiriego, San Ignacio R\u00edo Muerto y Villa Ju\u00e1rez, as\u00ed como de Navojoa, \u00c1lamos, Huatabampo y Etchojoa, quienes refrendaron su disposici\u00f3n para sumar esfuerzos en favor del desarrollo del campo.<\/p>\n<p align=\"left\">\u201cEl fortalecimiento del campo sonorense requiere de unidad y coordinaci\u00f3n entre todos los niveles de gobierno y el sector productivo. Este consejo ser\u00e1 una herramienta clave para escuchar a las y los productores y atender sus necesidades de manera oportuna\u201d, se\u00f1al\u00f3 L\u00f3pez C\u00e1rdenas.<\/p>\n<p align=\"left\">En el marco de la instalaci\u00f3n, se acord\u00f3 establecer mesas de trabajo para dar seguimiento a proyectos productivos, programas de apoyo y acciones de infraestructura que impulsen la competitividad agr\u00edcola y ganadera en la regi\u00f3n.<\/p>\n<p align=\"left\">Con estas acciones, el Gobierno de Sonora, a trav\u00e9s de la Sagarhpa, refrenda su compromiso de construir un campo fuerte, productivo y sustentable, generando oportunidades que mejoren la calidad de vida de quienes viven de la tierra.<\/p>\n","protected":false},"excerpt":{"rendered":"<p>Ciudad Obreg\u00f3n, Sonora; 13 de agosto de 2025.- Con el objetivo de fortalecer la coordinaci\u00f3n institucional y cumplir con lo establecido en la Ley de Desarrollo Rural Sustentable, el Gobierno de Sonora, que encabeza Alfonso Durazo, particip\u00f3 en la instalaci\u00f3n de los Consejos Distritales de Desarrollo Rural Sustentable del DDR 148 Cajeme y 149 Navojoa, [&hellip;]<\/p>\n","protected":false},"author":2,"featured_media":226596,"comment_status":"closed","ping_status":"closed","sticky":false,"template":"","format":"standard","meta":{"footnotes":""},"categories":[12870,174],"tags":[12865,12873],"class_list":["post-226595","post","type-post","status-publish","format-standard","has-post-thumbnail","hentry","category-destacadas","category-estatal","tag-destacadas","tag-estatal"],"jetpack_featured_media_url":"https:\/\/rnoticias.com.mx\/Portal\/wp-content\/uploads\/2025\/08\/unnamed-36.jpg","amp_enabled":true,"_links":{"self":[{"href":"https:\/\/rnoticias.com.mx\/Portal\/wp-json\/wp\/v2\/posts\/226595","targetHints":{"allow":["GET"]}}],"collection":[{"href":"https:\/\/rnoticias.com.mx\/Portal\/wp-json\/wp\/v2\/posts"}],"about":[{"href":"https:\/\/rnoticias.com.mx\/Portal\/wp-json\/wp\/v2\/types\/post"}],"author":[{"embeddable":true,"href":"https:\/\/rnoticias.com.mx\/Portal\/wp-json\/wp\/v2\/users\/2"}],"replies":[{"embeddable":true,"href":"https:\/\/rnoticias.com.mx\/Portal\/wp-json\/wp\/v2\/comments?post=226595"}],"version-history":[{"count":1,"href":"https:\/\/rnoticias.com.mx\/Portal\/wp-json\/wp\/v2\/posts\/226595\/revisions"}],"predecessor-version":[{"id":226597,"href":"https:\/\/rnoticias.com.mx\/Portal\/wp-json\/wp\/v2\/posts\/226595\/revisions\/226597"}],"wp:featuredmedia":[{"embeddable":true,"href":"https:\/\/rnoticias.com.mx\/Portal\/wp-json\/wp\/v2\/media\/226596"}],"wp:attachment":[{"href":"https:\/\/rnoticias.com.mx\/Portal\/wp-json\/wp\/v2\/media?parent=226595"}],"wp:term":[{"taxonomy":"category","embeddable":true,"href":"https:\/\/rnoticias.com.mx\/Portal\/wp-json\/wp\/v2\/categories?post=226595"},{"taxonomy":"post_tag","embeddable":true,"href":"https:\/\/rnoticias.com.mx\/Portal\/wp-json\/wp\/v2\/tags?post=226595"}],"curies":[{"name":"wp","href":"https:\/\/api.w.org\/{rel}","templated":true}]}}