{"id":226592,"date":"2025-08-13T08:23:14","date_gmt":"2025-08-13T15:23:14","guid":{"rendered":"https:\/\/rnoticias.com.mx\/Portal\/?p=226592"},"modified":"2025-08-13T08:23:14","modified_gmt":"2025-08-13T15:23:14","slug":"madonna-se-pronuncia-sobre-gaza-y-pide-ayuda-para-los-ninos","status":"publish","type":"post","link":"https:\/\/rnoticias.com.mx\/Portal\/2025\/08\/13\/madonna-se-pronuncia-sobre-gaza-y-pide-ayuda-para-los-ninos\/","title":{"rendered":"Madonna se pronuncia sobre Gaza y pide ayuda para los ni\u00f1os"},"content":{"rendered":"<p class=\"selectable-text copyable-text x15bjb6t x1n2onr6\" dir=\"ltr\"><span class=\"selectable-text copyable-text xkrh14z\">Ante la escalada del conflicto entre\u00a0Palestina e Israel\u00a0y la creciente hambruna que azota la Franja de Gaza, este lunes la cantante estadounidense\u00a0Madonna\u00a0pidi\u00f3 ayuda al Papa Francisco para evitar que los ni\u00f1os mueran y sufran los estragos de la guerra.<\/span><\/p>\n<div class=\"jeg_ad jeg_ad_article jnews_content_inline_ads  \"><\/div>\n<p class=\"selectable-text copyable-text x15bjb6t x1n2onr6\" dir=\"ltr\"><span class=\"selectable-text copyable-text xkrh14z\">A trav\u00e9s de un emotivo mensaje compartido en sus redes sociales, la int\u00e9rprete\u00a0hizo un llamado al l\u00edder de la Iglesia cat\u00f3lica para posibilitar la ayuda inmediata a los menores que habitan en Gaza.<\/span><\/p>\n<p class=\"selectable-text copyable-text x15bjb6t x1n2onr6\" dir=\"ltr\"><span class=\"selectable-text copyable-text xkrh14z\">\u201cSanto Padre, por favor, vaya a Gaza y lleve su luz a los ni\u00f1os antes de que sea demasiado tarde. Los ni\u00f1os del mundo pertenecen a todos\u201d, expres\u00f3 la cantante.<\/span><\/p>\n<p class=\"selectable-text copyable-text x15bjb6t x1n2onr6\" dir=\"ltr\"><span class=\"selectable-text copyable-text xkrh14z\">Madonna asegur\u00f3 que, como madre, y coincidiendo con el cumplea\u00f1os de uno de sus hijos, no puede quedarse de brazos cruzados ante el sufrimiento. Adem\u00e1s, aclar\u00f3 que\u00a0no est\u00e1 tomando partido por ning\u00fan gobierno, pero reza para que quienes padecen las consecuencias del conflicto sean liberados.<\/span><\/p>\n<p class=\"selectable-text copyable-text x15bjb6t x1n2onr6\" dir=\"ltr\"><span class=\"selectable-text copyable-text xkrh14z\">\u00abEs el \u00fanico de nosotros al que no le puede ser negada en la entrada. Necesitamos que las puertas humanitarias se abran por completo para salvar a esos ni\u00f1os inocentes. No hay m\u00e1s tiempo, por favor, di que ir\u00e1s\u00bb, agreg\u00f3.<\/span><\/p>\n<p class=\"selectable-text copyable-text x15bjb6t x1n2onr6\" dir=\"ltr\"><span class=\"selectable-text copyable-text xkrh14z\">Desde octubre de 2023,\u00a0los ataques armados en Gaza han dejado miles de muertos y heridos.\u00a0La poblaci\u00f3n civil palestina enfrenta escasez de alimentos, agua y medicinas, con hospitales colapsados y miles de menores en riesgo por desnutrici\u00f3n y falta de atenci\u00f3n m\u00e9dica.<\/span><\/p>\n<p class=\"selectable-text copyable-text x15bjb6t x1n2onr6\" dir=\"ltr\"><span class=\"selectable-text copyable-text xkrh14z\">Madonna explic\u00f3 que hac\u00eda esta solicitud en el cumplea\u00f1os de su hijo Rocco, consider\u00e1ndolo el mejor regalo que pod\u00eda darle.<\/span><\/p>\n<p class=\"selectable-text copyable-text x15bjb6t x1n2onr6\" dir=\"ltr\"><span class=\"selectable-text copyable-text xkrh14z\">\u00abNo estoy se\u00f1alando con el dedo, echando la culpa o tomando partido. Todos est\u00e1n sufriendo. Simplemente estoy tratando de hacer lo que puedo para evitar que estos ni\u00f1os mueran de hambre\u00bb, finaliz\u00f3.<\/span><\/p>\n<p class=\"selectable-text copyable-text x15bjb6t x1n2onr6\" dir=\"ltr\"><span class=\"selectable-text copyable-text xkrh14z\">La publicaci\u00f3n se viraliz\u00f3 r\u00e1pidamente, sumando miles de reacciones y comentarios de apoyo.<\/span><\/p>\n","protected":false},"excerpt":{"rendered":"<p>Ante la escalada del conflicto entre\u00a0Palestina e Israel\u00a0y la creciente hambruna que azota la Franja de Gaza, este lunes la cantante estadounidense\u00a0Madonna\u00a0pidi\u00f3 ayuda al Papa Francisco para evitar que los ni\u00f1os mueran y sufran los estragos de la guerra. A trav\u00e9s de un emotivo mensaje compartido en sus redes sociales, la int\u00e9rprete\u00a0hizo un llamado al [&hellip;]<\/p>\n","protected":false},"author":2,"featured_media":226593,"comment_status":"closed","ping_status":"closed","sticky":false,"template":"","format":"standard","meta":{"footnotes":""},"categories":[12870,219],"tags":[12865,12875],"class_list":["post-226592","post","type-post","status-publish","format-standard","has-post-thumbnail","hentry","category-destacadas","category-espectaculos","tag-destacadas","tag-espectaculos"],"jetpack_featured_media_url":"https:\/\/rnoticias.com.mx\/Portal\/wp-content\/uploads\/2025\/08\/madonna-gaza-pide-papa-antes-demasiado-tarde.webp","amp_enabled":true,"_links":{"self":[{"href":"https:\/\/rnoticias.com.mx\/Portal\/wp-json\/wp\/v2\/posts\/226592","targetHints":{"allow":["GET"]}}],"collection":[{"href":"https:\/\/rnoticias.com.mx\/Portal\/wp-json\/wp\/v2\/posts"}],"about":[{"href":"https:\/\/rnoticias.com.mx\/Portal\/wp-json\/wp\/v2\/types\/post"}],"author":[{"embeddable":true,"href":"https:\/\/rnoticias.com.mx\/Portal\/wp-json\/wp\/v2\/users\/2"}],"replies":[{"embeddable":true,"href":"https:\/\/rnoticias.com.mx\/Portal\/wp-json\/wp\/v2\/comments?post=226592"}],"version-history":[{"count":1,"href":"https:\/\/rnoticias.com.mx\/Portal\/wp-json\/wp\/v2\/posts\/226592\/revisions"}],"predecessor-version":[{"id":226594,"href":"https:\/\/rnoticias.com.mx\/Portal\/wp-json\/wp\/v2\/posts\/226592\/revisions\/226594"}],"wp:featuredmedia":[{"embeddable":true,"href":"https:\/\/rnoticias.com.mx\/Portal\/wp-json\/wp\/v2\/media\/226593"}],"wp:attachment":[{"href":"https:\/\/rnoticias.com.mx\/Portal\/wp-json\/wp\/v2\/media?parent=226592"}],"wp:term":[{"taxonomy":"category","embeddable":true,"href":"https:\/\/rnoticias.com.mx\/Portal\/wp-json\/wp\/v2\/categories?post=226592"},{"taxonomy":"post_tag","embeddable":true,"href":"https:\/\/rnoticias.com.mx\/Portal\/wp-json\/wp\/v2\/tags?post=226592"}],"curies":[{"name":"wp","href":"https:\/\/api.w.org\/{rel}","templated":true}]}}