{"id":226583,"date":"2025-08-13T08:03:40","date_gmt":"2025-08-13T15:03:40","guid":{"rendered":"https:\/\/rnoticias.com.mx\/Portal\/?p=226583"},"modified":"2025-08-13T08:03:40","modified_gmt":"2025-08-13T15:03:40","slug":"gobierno-de-sonora-invita-a-registrarse-para-participar-en-el-segundo-simulacro-nacional-2025","status":"publish","type":"post","link":"https:\/\/rnoticias.com.mx\/Portal\/2025\/08\/13\/gobierno-de-sonora-invita-a-registrarse-para-participar-en-el-segundo-simulacro-nacional-2025\/","title":{"rendered":"Gobierno de Sonora invita a registrarse para participar en el Segundo Simulacro Nacional 2025"},"content":{"rendered":"<p align=\"left\">Hermosillo, Sonora; 13 de agosto de 2025.- El Gobierno de Sonora, a trav\u00e9s de la Coordinaci\u00f3n Estatal de Protecci\u00f3n Civil (CEPC), invit\u00f3 a toda la poblaci\u00f3n a ingresar al portal <a href=\"https:\/\/simulacronacional.sspc.gob.mx\/segundosimulacronacional2025\/\" target=\"_blank\" rel=\"noopener\" data-saferedirecturl=\"https:\/\/www.google.com\/url?q=https:\/\/simulacronacional.sspc.gob.mx\/segundosimulacronacional2025\/&amp;source=gmail&amp;ust=1755131881402000&amp;usg=AOvVaw3l4UDxT8mssmDrJ8fx2zYZ\">https:\/\/simulacronacional.<wbr \/>sspc.gob.mx\/<wbr \/>segundosimulacronacional2025\/<\/a>\u00a0para realizar su registro y participar en el Segundo Simulacro Nacional 2025.<\/p>\n<p align=\"left\">El simulacro se llevar\u00e1 a cabo el 19 de septiembre, a las 11:00 horas (tiempo de Sonora), bajo la hip\u00f3tesis de un hurac\u00e1n que impacte las costas sonorenses. A nivel nacional, la hip\u00f3tesis ser\u00e1 un sismo de magnitud 8.1.<\/p>\n<p align=\"left\">En esta edici\u00f3n, por primera vez, durante el simulacro se enviar\u00e1 a los tel\u00e9fonos celulares de la poblaci\u00f3n una alerta para invitar a desalojar con orden y tranquilidad el inmueble en el que se encuentren.<\/p>\n<p align=\"left\">Aunque el usuario no cuente con saldo o est\u00e9 desconectado de una red Wi-Fi, la alerta \u2014que incluir\u00e1 sonido y texto\u2014 llegar\u00e1 de forma masiva a la poblaci\u00f3n en Sonora y en todo el pa\u00eds. Incluso si el tel\u00e9fono est\u00e1 en silencio, con la pantalla bloqueada o en uso, el mensaje de alertamiento aparecer\u00e1 de manera directa, permitiendo que las personas puedan dirigirse a las zonas de seguridad durante el ejercicio.<\/p>\n<p align=\"left\">Armando Casta\u00f1eda S\u00e1nchez, coordinador estatal de Protecci\u00f3n Civil, hizo un llamado a inscribirse y participar en este esfuerzo, para fortalecer la cultura de la protecci\u00f3n civil en M\u00e9xico.<\/p>\n<p align=\"left\">Destac\u00f3 que el alertamiento v\u00eda celular representa un avance importante en la materia, al facilitar el uso de esta herramienta en situaciones de emergencia, y especific\u00f3 el texto que llegar\u00e1 a los tel\u00e9fonos:<\/p>\n<p align=\"left\">\u201cESTO ES UN SIMULACRO. Este es un mensaje para probar la funcionalidad del Sistema Nacional de Alertas del Gobierno de M\u00e9xico. ESTO ES UN SIMULACRO.\u201d<\/p>\n<p align=\"left\">Para recibir el alertamiento, la poblaci\u00f3n debe ingresar a la configuraci\u00f3n de su tel\u00e9fono celular, localizar el apartado de ajustes y habilitar la opci\u00f3n para permitir la recepci\u00f3n de alertas por parte de su proveedor de servicio.<\/p>\n","protected":false},"excerpt":{"rendered":"<p>Hermosillo, Sonora; 13 de agosto de 2025.- El Gobierno de Sonora, a trav\u00e9s de la Coordinaci\u00f3n Estatal de Protecci\u00f3n Civil (CEPC), invit\u00f3 a toda la poblaci\u00f3n a ingresar al portal https:\/\/simulacronacional.sspc.gob.mx\/segundosimulacronacional2025\/\u00a0para realizar su registro y participar en el Segundo Simulacro Nacional 2025. El simulacro se llevar\u00e1 a cabo el 19 de septiembre, a las 11:00 [&hellip;]<\/p>\n","protected":false},"author":2,"featured_media":226584,"comment_status":"closed","ping_status":"closed","sticky":false,"template":"","format":"standard","meta":{"footnotes":""},"categories":[12870,178],"tags":[12865,12869],"class_list":["post-226583","post","type-post","status-publish","format-standard","has-post-thumbnail","hentry","category-destacadas","category-local","tag-destacadas","tag-local"],"jetpack_featured_media_url":"https:\/\/rnoticias.com.mx\/Portal\/wp-content\/uploads\/2025\/08\/unnamed-35.jpg","amp_enabled":true,"_links":{"self":[{"href":"https:\/\/rnoticias.com.mx\/Portal\/wp-json\/wp\/v2\/posts\/226583","targetHints":{"allow":["GET"]}}],"collection":[{"href":"https:\/\/rnoticias.com.mx\/Portal\/wp-json\/wp\/v2\/posts"}],"about":[{"href":"https:\/\/rnoticias.com.mx\/Portal\/wp-json\/wp\/v2\/types\/post"}],"author":[{"embeddable":true,"href":"https:\/\/rnoticias.com.mx\/Portal\/wp-json\/wp\/v2\/users\/2"}],"replies":[{"embeddable":true,"href":"https:\/\/rnoticias.com.mx\/Portal\/wp-json\/wp\/v2\/comments?post=226583"}],"version-history":[{"count":1,"href":"https:\/\/rnoticias.com.mx\/Portal\/wp-json\/wp\/v2\/posts\/226583\/revisions"}],"predecessor-version":[{"id":226585,"href":"https:\/\/rnoticias.com.mx\/Portal\/wp-json\/wp\/v2\/posts\/226583\/revisions\/226585"}],"wp:featuredmedia":[{"embeddable":true,"href":"https:\/\/rnoticias.com.mx\/Portal\/wp-json\/wp\/v2\/media\/226584"}],"wp:attachment":[{"href":"https:\/\/rnoticias.com.mx\/Portal\/wp-json\/wp\/v2\/media?parent=226583"}],"wp:term":[{"taxonomy":"category","embeddable":true,"href":"https:\/\/rnoticias.com.mx\/Portal\/wp-json\/wp\/v2\/categories?post=226583"},{"taxonomy":"post_tag","embeddable":true,"href":"https:\/\/rnoticias.com.mx\/Portal\/wp-json\/wp\/v2\/tags?post=226583"}],"curies":[{"name":"wp","href":"https:\/\/api.w.org\/{rel}","templated":true}]}}