{"id":226580,"date":"2025-08-13T08:02:33","date_gmt":"2025-08-13T15:02:33","guid":{"rendered":"https:\/\/rnoticias.com.mx\/Portal\/?p=226580"},"modified":"2025-08-13T08:02:33","modified_gmt":"2025-08-13T15:02:33","slug":"ganadora-del-premio-de-la-juventud-reclama-resultados-a-diputados-es-una-burla-que-no-nos-escuchen","status":"publish","type":"post","link":"https:\/\/rnoticias.com.mx\/Portal\/2025\/08\/13\/ganadora-del-premio-de-la-juventud-reclama-resultados-a-diputados-es-una-burla-que-no-nos-escuchen\/","title":{"rendered":"Ganadora del Premio de la Juventud reclama resultados a diputados: \u201ces una burla que no nos escuchen\u201d"},"content":{"rendered":"<p><strong>Ana Karen Sotero Salazar<\/strong>, una joven de 23 a\u00f1os de edad, recibi\u00f3 el\u00a0<strong>premio para la juventud<\/strong>\u00a0de la\u00a0<strong>Ciudad de M\u00e9xico<\/strong>.<\/p>\n<p>En su participaci\u00f3n en el Congreso capitalino, la joven exigi\u00f3 y reclam\u00f3 a los diputados escuchar a los j\u00f3venes; &#8220;<strong>que se pongan las pilas y trabajen en pro de la juventud y vean todas las adversidades que estamos viviendo, estamos ganando un premio pero no tenemos seguridad laboral, sistemas de salud que sean accesibles&#8230;<\/strong>&#8220;.<\/p>\n<p>Levant\u00f3 la voz por mpleos dignos, salud accesible y resultados reales contra el narco, pues\u00a0 su comunidad fue golpeada por el crimen y jam\u00e1s recibi\u00f3 ayuda.<\/p>\n<p>Mientras la\u00a0<strong>joven\u00a0<\/strong>emit\u00eda su mensaje, algunos congresistas conversaban entre ellos, por lo que la reconocida por el galard\u00f3n argument\u00f3 contra ellos.<\/p>\n<p>&#8220;Ya como juventud nos esforzamos por llegar ac\u00e1, y me parece una falta de respeto que estando aqu\u00ed, incluso recibiendo el premio no nos hagan caso y est\u00e9n en sus propias conversaciones \u00bfqu\u00e9 clase de actitud es esa? Es injusto, es una burla porque ah\u00ed nos demuestran el inter\u00e9s que nos tienen a nosotros, pero lo que yo veo es que no lo tienen&#8221;, dijo.<img decoding=\"async\" src=\"https:\/\/platform-cdn.sharethis.com\/img\/facebook.svg\" alt=\"facebook sharing button\" \/><img decoding=\"async\" src=\"https:\/\/platform-cdn.sharethis.com\/img\/twitter.svg\" alt=\"twitter sharing button\" \/><\/p>\n<div class=\"video-responsive vertical-video\">\n<div id=\"st-el-2\" class=\" st-video-share-buttons st-center  st-inline-share-buttons st-animated\" data-url=\"https:\/\/www.youtube.com\/embed\/FRBQIjFT7p0?si=4cj7nip9n6iIKDWU&amp;start=3919\">\n<div class=\"st-btn\" data-network=\"pinterest\"><img decoding=\"async\" src=\"https:\/\/platform-cdn.sharethis.com\/img\/email.svg\" alt=\"email sharing button\" \/><\/div>\n<div class=\"st-btn st-last\" data-network=\"sharethis\"><img decoding=\"async\" src=\"https:\/\/platform-cdn.sharethis.com\/img\/sharethis.svg\" alt=\"sharethis sharing button\" \/><\/div>\n<\/div>\n<\/div>\n<p>&nbsp;<\/p>\n<p>Fuente: Congreso de la Ciudad de M\u00e9xico<\/p>\n","protected":false},"excerpt":{"rendered":"<p>Ana Karen Sotero Salazar, una joven de 23 a\u00f1os de edad, recibi\u00f3 el\u00a0premio para la juventud\u00a0de la\u00a0Ciudad de M\u00e9xico. En su participaci\u00f3n en el Congreso capitalino, la joven exigi\u00f3 y reclam\u00f3 a los diputados escuchar a los j\u00f3venes; &#8220;que se pongan las pilas y trabajen en pro de la juventud y vean todas las adversidades [&hellip;]<\/p>\n","protected":false},"author":2,"featured_media":226581,"comment_status":"closed","ping_status":"closed","sticky":false,"template":"","format":"standard","meta":{"footnotes":""},"categories":[12870,12868],"tags":[12865,12879],"class_list":["post-226580","post","type-post","status-publish","format-standard","has-post-thumbnail","hentry","category-destacadas","category-politica","tag-destacadas","tag-politica"],"jetpack_featured_media_url":"https:\/\/rnoticias.com.mx\/Portal\/wp-content\/uploads\/2025\/08\/3358817.webp","amp_enabled":true,"_links":{"self":[{"href":"https:\/\/rnoticias.com.mx\/Portal\/wp-json\/wp\/v2\/posts\/226580","targetHints":{"allow":["GET"]}}],"collection":[{"href":"https:\/\/rnoticias.com.mx\/Portal\/wp-json\/wp\/v2\/posts"}],"about":[{"href":"https:\/\/rnoticias.com.mx\/Portal\/wp-json\/wp\/v2\/types\/post"}],"author":[{"embeddable":true,"href":"https:\/\/rnoticias.com.mx\/Portal\/wp-json\/wp\/v2\/users\/2"}],"replies":[{"embeddable":true,"href":"https:\/\/rnoticias.com.mx\/Portal\/wp-json\/wp\/v2\/comments?post=226580"}],"version-history":[{"count":1,"href":"https:\/\/rnoticias.com.mx\/Portal\/wp-json\/wp\/v2\/posts\/226580\/revisions"}],"predecessor-version":[{"id":226582,"href":"https:\/\/rnoticias.com.mx\/Portal\/wp-json\/wp\/v2\/posts\/226580\/revisions\/226582"}],"wp:featuredmedia":[{"embeddable":true,"href":"https:\/\/rnoticias.com.mx\/Portal\/wp-json\/wp\/v2\/media\/226581"}],"wp:attachment":[{"href":"https:\/\/rnoticias.com.mx\/Portal\/wp-json\/wp\/v2\/media?parent=226580"}],"wp:term":[{"taxonomy":"category","embeddable":true,"href":"https:\/\/rnoticias.com.mx\/Portal\/wp-json\/wp\/v2\/categories?post=226580"},{"taxonomy":"post_tag","embeddable":true,"href":"https:\/\/rnoticias.com.mx\/Portal\/wp-json\/wp\/v2\/tags?post=226580"}],"curies":[{"name":"wp","href":"https:\/\/api.w.org\/{rel}","templated":true}]}}