{"id":226563,"date":"2025-08-12T20:23:10","date_gmt":"2025-08-13T03:23:10","guid":{"rendered":"https:\/\/rnoticias.com.mx\/Portal\/?p=226563"},"modified":"2025-08-12T20:23:10","modified_gmt":"2025-08-13T03:23:10","slug":"ee-uu-reconoce-cooperacion-de-sheinbaum-por-traslado-de-los-26-reos-de-alto-perfil","status":"publish","type":"post","link":"https:\/\/rnoticias.com.mx\/Portal\/2025\/08\/12\/ee-uu-reconoce-cooperacion-de-sheinbaum-por-traslado-de-los-26-reos-de-alto-perfil\/","title":{"rendered":"EE.UU. reconoce cooperaci\u00f3n de Sheinbaum por traslado de los 26 reos de alto perfil"},"content":{"rendered":"<p>El gobierno de Estados Unidos, a trav\u00e9s de su embajada en M\u00e9xico,<strong>\u00a0felicit\u00f3 a la presidenta Claudia Sheinbaum Pardo por la cooperaci\u00f3n en la extradici\u00f3n de 26 perfiles delincuenciales de alto perfil.<\/strong><\/p>\n<p>De acuerdo a un comunicado, autoridades de Estados Unidos indicaron que\u00a0<strong>&#8216;los sujetos transferidos enfrentan graves cargos penales en tribunales federales estadounidenses, incluyendo narcotr\u00e1fico, crimen organizado, lavado de dinero y delitos violentos&#8217;.<\/strong><\/p>\n<p><strong>Y\u00a0 detall\u00f3 que entre los transferidos se encontraban personajes clave de los C\u00e1rteles Jalisco Nueva Generaci\u00f3n (CJNG) y de Sinaloa.<\/strong><\/p>\n<p>Especificaron que su aprehensi\u00f3n y\u00a0<strong>traslado son el resultado de la cooperaci\u00f3n sostenida entre agencias estadounidenses y mexicanas, incluyendo el Departamento de Justicia<\/strong>, el Departamento de Seguridad Nacional, la Administraci\u00f3n para el Control de Drogas (DEA) y el Servicio de Alguaciles de Estados Unidos.<\/p>\n<p>Por su parte el Embajador Ronald Johnson se\u00f1al\u00f3<strong>\u00a0&#8216;estamos profundamente agradecidos con la presidenta Sheinbaum y su administraci\u00f3n por demostrar determinaci\u00f3n frente al crimen organizado&#8217;.<\/strong><\/p>\n<p>Y agreg\u00f3 que\u00a0<strong>&#8216;es un honor para m\u00ed servir bajo el liderazgo del presidente Donald J. Trump y junto a la fiscal general Pam Bondi, cuyo firme enfoque en la seguridad p\u00fablica y la cooperaci\u00f3n para la aplicaci\u00f3n de la ley ha impulsado directamente los esfuerzos para que los fugitivos enfrenten la justicia. Su determinaci\u00f3n fue fundamental para hacer realidad est\u00e1 segundo traslado&#8217;.<\/strong><\/p>\n<p>Tambi\u00e9n, Johnson destac\u00f3 que<strong>\u00a0&#8216;esta transferencia es un ejemplo m\u00e1s de lo que es posible cuando dos gobiernos se unen contra la violencia y la impunidad. Estos fugitivos ahora enfrentar\u00e1n la justicia en los tribunales estadounidenses, y los ciudadanos de nuestras naciones estar\u00e1n m\u00e1s seguros&#8217;.<\/strong><\/p>\n<p>Por \u00faltimo, subray\u00f3 que este esfuerzo conjunto refleja las prioridades de seguridad compartidas de Estados Unidos y M\u00e9xico,\u00a0<strong>as\u00ed como la creciente cooperaci\u00f3n para enfrentar la amenaza que representan las organizaciones terroristas transnacionales.<\/strong><\/p>\n<div class=\"twitter-tweet twitter-tweet-rendered\"><\/div>\n<p>Fuente:El Universal<\/p>\n","protected":false},"excerpt":{"rendered":"<p>El gobierno de Estados Unidos, a trav\u00e9s de su embajada en M\u00e9xico,\u00a0felicit\u00f3 a la presidenta Claudia Sheinbaum Pardo por la cooperaci\u00f3n en la extradici\u00f3n de 26 perfiles delincuenciales de alto perfil. De acuerdo a un comunicado, autoridades de Estados Unidos indicaron que\u00a0&#8216;los sujetos transferidos enfrentan graves cargos penales en tribunales federales estadounidenses, incluyendo narcotr\u00e1fico, crimen [&hellip;]<\/p>\n","protected":false},"author":2,"featured_media":226564,"comment_status":"closed","ping_status":"closed","sticky":false,"template":"","format":"standard","meta":{"footnotes":""},"categories":[12870,172],"tags":[12865,12874],"class_list":["post-226563","post","type-post","status-publish","format-standard","has-post-thumbnail","hentry","category-destacadas","category-nacional","tag-destacadas","tag-nacional"],"jetpack_featured_media_url":"https:\/\/rnoticias.com.mx\/Portal\/wp-content\/uploads\/2025\/08\/XM5AORKM5ZHCNLDTILCLKY44XM.jpg","amp_enabled":true,"_links":{"self":[{"href":"https:\/\/rnoticias.com.mx\/Portal\/wp-json\/wp\/v2\/posts\/226563","targetHints":{"allow":["GET"]}}],"collection":[{"href":"https:\/\/rnoticias.com.mx\/Portal\/wp-json\/wp\/v2\/posts"}],"about":[{"href":"https:\/\/rnoticias.com.mx\/Portal\/wp-json\/wp\/v2\/types\/post"}],"author":[{"embeddable":true,"href":"https:\/\/rnoticias.com.mx\/Portal\/wp-json\/wp\/v2\/users\/2"}],"replies":[{"embeddable":true,"href":"https:\/\/rnoticias.com.mx\/Portal\/wp-json\/wp\/v2\/comments?post=226563"}],"version-history":[{"count":1,"href":"https:\/\/rnoticias.com.mx\/Portal\/wp-json\/wp\/v2\/posts\/226563\/revisions"}],"predecessor-version":[{"id":226565,"href":"https:\/\/rnoticias.com.mx\/Portal\/wp-json\/wp\/v2\/posts\/226563\/revisions\/226565"}],"wp:featuredmedia":[{"embeddable":true,"href":"https:\/\/rnoticias.com.mx\/Portal\/wp-json\/wp\/v2\/media\/226564"}],"wp:attachment":[{"href":"https:\/\/rnoticias.com.mx\/Portal\/wp-json\/wp\/v2\/media?parent=226563"}],"wp:term":[{"taxonomy":"category","embeddable":true,"href":"https:\/\/rnoticias.com.mx\/Portal\/wp-json\/wp\/v2\/categories?post=226563"},{"taxonomy":"post_tag","embeddable":true,"href":"https:\/\/rnoticias.com.mx\/Portal\/wp-json\/wp\/v2\/tags?post=226563"}],"curies":[{"name":"wp","href":"https:\/\/api.w.org\/{rel}","templated":true}]}}