{"id":226560,"date":"2025-08-12T20:21:34","date_gmt":"2025-08-13T03:21:34","guid":{"rendered":"https:\/\/rnoticias.com.mx\/Portal\/?p=226560"},"modified":"2025-08-12T20:21:34","modified_gmt":"2025-08-13T03:21:34","slug":"se-suman-ninas-y-ninos-de-hermosillo-como-guardianes-del-agua","status":"publish","type":"post","link":"https:\/\/rnoticias.com.mx\/Portal\/2025\/08\/12\/se-suman-ninas-y-ninos-de-hermosillo-como-guardianes-del-agua\/","title":{"rendered":"Se suman ni\u00f1as y ni\u00f1os de Hermosillo como Guardianes del Agua"},"content":{"rendered":"<p><b data-olk-copy-source=\"MessageBody\">Hermosillo, Sonora; 12 de agosto de 2025.-<\/b>\u00a0El campamento de verano CUIDA, organizado por el organismo operador Agua de Hermosillo, sum\u00f3 a 496 las ni\u00f1as y ni\u00f1os como Guardianes del Agua, promoviendo la cultura del cuidado del vital l\u00edquido en sus escuelas y hogares, inform\u00f3 Rebeca Villanueva.<\/p>\n<p aria-hidden=\"true\">\n<p>La gerente de Cultura del Agua del organismo operador explic\u00f3 que a finales de julio hijas e hijos de empleadas y empleados de la paramunicipal asistieron al Campamento de Verano CUIDA 2025 y se constituyeron formalmente como el club n\u00famero 96 de Guardianes del Agua.<\/p>\n<p aria-hidden=\"true\">\n<p>La funci\u00f3n de cada integrante es muy importante para el Gobierno Municipal, que encabeza el presidente Antonio Astiazar\u00e1n Guti\u00e9rrez y el organismo operador del servicio de agua potable en la localidad y se les reconoce como los principales promotores de la cultura del cuidado del agua en sus planteles, casas y colonias, mencion\u00f3.<\/p>\n<p aria-hidden=\"true\">\n<p>El club m\u00e1s reciente, a\u00f1adi\u00f3, se conform\u00f3 con las hijas e hijos de empleadas y empleados de AGUAH que asistieron al campamento de verano CUIDA 2025, a finales de julio y que como parte de sus din\u00e1micas interactivas destacaron las actividades con que sus padres y madres contribuyen a que el vital l\u00edquido llegue a las casas de Hermosillo.<\/p>\n<p aria-hidden=\"true\">\n<p>Mencion\u00f3 que durante un a\u00f1o las y los integrantes de este club ser\u00e1n invitados a participar en recorridos por instalaciones como la Planta Tratadora de Aguas Residuales, plantas potabilizadoras y las diferentes \u00e1reas de Agua de Hermosillo en las que sus familiares laboran.<\/p>\n<p aria-hidden=\"true\">\n<p>La distinci\u00f3n como Guardianes del Agua conlleva toda una formaci\u00f3n sobre la cultura del cuidado del vital l\u00edquido, t\u00e9cnicas para la detecci\u00f3n de fugas, oportunidades de ahorro y mecanismos para hacer reportes de fallas, finaliz\u00f3.<\/p>\n","protected":false},"excerpt":{"rendered":"<p>Hermosillo, Sonora; 12 de agosto de 2025.-\u00a0El campamento de verano CUIDA, organizado por el organismo operador Agua de Hermosillo, sum\u00f3 a 496 las ni\u00f1as y ni\u00f1os como Guardianes del Agua, promoviendo la cultura del cuidado del vital l\u00edquido en sus escuelas y hogares, inform\u00f3 Rebeca Villanueva. La gerente de Cultura del Agua del organismo operador [&hellip;]<\/p>\n","protected":false},"author":2,"featured_media":226561,"comment_status":"closed","ping_status":"closed","sticky":false,"template":"","format":"standard","meta":{"footnotes":""},"categories":[178],"tags":[12869],"class_list":["post-226560","post","type-post","status-publish","format-standard","has-post-thumbnail","hentry","category-local","tag-local"],"jetpack_featured_media_url":"https:\/\/rnoticias.com.mx\/Portal\/wp-content\/uploads\/2025\/08\/Se-suman-ninas-y-ninos-de-Hermosillo-como-Guardianes-del-Agua2.jpeg","amp_enabled":true,"_links":{"self":[{"href":"https:\/\/rnoticias.com.mx\/Portal\/wp-json\/wp\/v2\/posts\/226560","targetHints":{"allow":["GET"]}}],"collection":[{"href":"https:\/\/rnoticias.com.mx\/Portal\/wp-json\/wp\/v2\/posts"}],"about":[{"href":"https:\/\/rnoticias.com.mx\/Portal\/wp-json\/wp\/v2\/types\/post"}],"author":[{"embeddable":true,"href":"https:\/\/rnoticias.com.mx\/Portal\/wp-json\/wp\/v2\/users\/2"}],"replies":[{"embeddable":true,"href":"https:\/\/rnoticias.com.mx\/Portal\/wp-json\/wp\/v2\/comments?post=226560"}],"version-history":[{"count":1,"href":"https:\/\/rnoticias.com.mx\/Portal\/wp-json\/wp\/v2\/posts\/226560\/revisions"}],"predecessor-version":[{"id":226562,"href":"https:\/\/rnoticias.com.mx\/Portal\/wp-json\/wp\/v2\/posts\/226560\/revisions\/226562"}],"wp:featuredmedia":[{"embeddable":true,"href":"https:\/\/rnoticias.com.mx\/Portal\/wp-json\/wp\/v2\/media\/226561"}],"wp:attachment":[{"href":"https:\/\/rnoticias.com.mx\/Portal\/wp-json\/wp\/v2\/media?parent=226560"}],"wp:term":[{"taxonomy":"category","embeddable":true,"href":"https:\/\/rnoticias.com.mx\/Portal\/wp-json\/wp\/v2\/categories?post=226560"},{"taxonomy":"post_tag","embeddable":true,"href":"https:\/\/rnoticias.com.mx\/Portal\/wp-json\/wp\/v2\/tags?post=226560"}],"curies":[{"name":"wp","href":"https:\/\/api.w.org\/{rel}","templated":true}]}}