{"id":226525,"date":"2025-08-12T16:14:20","date_gmt":"2025-08-12T23:14:20","guid":{"rendered":"https:\/\/rnoticias.com.mx\/Portal\/?p=226525"},"modified":"2025-08-12T16:14:20","modified_gmt":"2025-08-12T23:14:20","slug":"respaldan-ciclistas-instalacion-de-mas-confibicis","status":"publish","type":"post","link":"https:\/\/rnoticias.com.mx\/Portal\/2025\/08\/12\/respaldan-ciclistas-instalacion-de-mas-confibicis\/","title":{"rendered":"Respaldan ciclistas instalaci\u00f3n de m\u00e1s confibicis"},"content":{"rendered":"<p>Hermosillo, Sonora. Colectivos ciudadanos en Hermosillo respaldan la instalaci\u00f3n por parte del Ayuntamiento de Hermosillo de infraestructura ciclista segura, conocida como confibici, como parte fundamental para una movilidad urbana m\u00e1s digna, equitativa y sostenible.<\/p>\n<p>&nbsp;<\/p>\n<p>Alma Angelina Guti\u00e9rrez Mill\u00e1n, coordinadora de Mujeres en Bici Hmo, destac\u00f3 que esta infraestructura no solo representa una mejora f\u00edsica en las calles, sino una transformaci\u00f3n social.<\/p>\n<p>&nbsp;<\/p>\n<p>\u201cLas confibicis son espacios confinados que protegen al ciclista y permiten un tr\u00e1nsito m\u00e1s seguro por la ciudad. Quienes usamos la bicicleta como medio de transporte tambi\u00e9n merecemos seguridad y dignidad\u201d, afirm\u00f3.<\/p>\n<p>&nbsp;<\/p>\n<p>Se\u00f1al\u00f3 que miles de personas en Hermosillo desde trabajadores, estudiantes y j\u00f3venes se trasladan diariamente en bicicleta. Seg\u00fan datos de la organizaci\u00f3n Hermosillo C\u00f3mo Vamos, son cerca de 30 mil ciclistas urbanos.<\/p>\n<p>&nbsp;<\/p>\n<p>Guti\u00e9rrez Mill\u00e1n, quien tambi\u00e9n integra la Mesa de Movilidad, dijo que colectivos han se\u00f1alado que no basta solo con pintar l\u00edneas blancas en el asfalto.<\/p>\n<p>&nbsp;<\/p>\n<p>\u201cLa pintura no es infraestructura, pero los aditamentos para los confibicis s\u00ed, ya que incluyen ciclov\u00edas protegidas, se\u00f1alizaci\u00f3n adecuada, cruces seguros y biciestacionamientos\u201d, cont\u00f3.<\/p>\n<p>&nbsp;<\/p>\n<p>Agreg\u00f3, que estos elementos son necesarios para incentivar el uso cotidiano de la bicicleta y reducir la dependencia del autom\u00f3vil, que ha saturado las ciudades y da\u00f1ado el medioambiente.<\/p>\n<p>&nbsp;<\/p>\n<p>Guti\u00e9rrez Mill\u00e1n tambi\u00e9n mencion\u00f3 el trabajo del colectivo Bike and Trees, impulsan la siembra de \u00e1rboles en zonas ciclistas.<\/p>\n<p>&nbsp;<\/p>\n<p>\u201cLa diferencia t\u00e9rmica entre una v\u00eda con \u00e1rboles y una sin ellos es enorme. Es parte del bienestar que merecen las personas que se mueven en bici\u201d, explic\u00f3.<\/p>\n<p>&nbsp;<\/p>\n<p>Finalmente enfatiz\u00f3, que el llamado de los colectivos es claro: ampliar y mejorar las confibicis en la ciudad como parte de pol\u00edticas p\u00fablicas con enfoque humano, sustentable y con visi\u00f3n a largo plazo.<\/p>\n<p>&nbsp;<\/p>\n<p>\u201cQueremos una ciudad para las personas, no solo para los autos\u201d, concluy\u00f3.<\/p>\n<p>&nbsp;<\/p>\n","protected":false},"excerpt":{"rendered":"<p>Hermosillo, Sonora. Colectivos ciudadanos en Hermosillo respaldan la instalaci\u00f3n por parte del Ayuntamiento de Hermosillo de infraestructura ciclista segura, conocida como confibici, como parte fundamental para una movilidad urbana m\u00e1s digna, equitativa y sostenible. &nbsp; Alma Angelina Guti\u00e9rrez Mill\u00e1n, coordinadora de Mujeres en Bici Hmo, destac\u00f3 que esta infraestructura no solo representa una mejora f\u00edsica [&hellip;]<\/p>\n","protected":false},"author":2,"featured_media":226526,"comment_status":"closed","ping_status":"closed","sticky":false,"template":"","format":"standard","meta":{"footnotes":""},"categories":[12870,178],"tags":[12865,12869],"class_list":["post-226525","post","type-post","status-publish","format-standard","has-post-thumbnail","hentry","category-destacadas","category-local","tag-destacadas","tag-local"],"jetpack_featured_media_url":"https:\/\/rnoticias.com.mx\/Portal\/wp-content\/uploads\/2025\/08\/web360-3.jpg","amp_enabled":true,"_links":{"self":[{"href":"https:\/\/rnoticias.com.mx\/Portal\/wp-json\/wp\/v2\/posts\/226525","targetHints":{"allow":["GET"]}}],"collection":[{"href":"https:\/\/rnoticias.com.mx\/Portal\/wp-json\/wp\/v2\/posts"}],"about":[{"href":"https:\/\/rnoticias.com.mx\/Portal\/wp-json\/wp\/v2\/types\/post"}],"author":[{"embeddable":true,"href":"https:\/\/rnoticias.com.mx\/Portal\/wp-json\/wp\/v2\/users\/2"}],"replies":[{"embeddable":true,"href":"https:\/\/rnoticias.com.mx\/Portal\/wp-json\/wp\/v2\/comments?post=226525"}],"version-history":[{"count":1,"href":"https:\/\/rnoticias.com.mx\/Portal\/wp-json\/wp\/v2\/posts\/226525\/revisions"}],"predecessor-version":[{"id":226527,"href":"https:\/\/rnoticias.com.mx\/Portal\/wp-json\/wp\/v2\/posts\/226525\/revisions\/226527"}],"wp:featuredmedia":[{"embeddable":true,"href":"https:\/\/rnoticias.com.mx\/Portal\/wp-json\/wp\/v2\/media\/226526"}],"wp:attachment":[{"href":"https:\/\/rnoticias.com.mx\/Portal\/wp-json\/wp\/v2\/media?parent=226525"}],"wp:term":[{"taxonomy":"category","embeddable":true,"href":"https:\/\/rnoticias.com.mx\/Portal\/wp-json\/wp\/v2\/categories?post=226525"},{"taxonomy":"post_tag","embeddable":true,"href":"https:\/\/rnoticias.com.mx\/Portal\/wp-json\/wp\/v2\/tags?post=226525"}],"curies":[{"name":"wp","href":"https:\/\/api.w.org\/{rel}","templated":true}]}}