{"id":226507,"date":"2025-08-12T12:06:04","date_gmt":"2025-08-12T19:06:04","guid":{"rendered":"https:\/\/rnoticias.com.mx\/Portal\/?p=226507"},"modified":"2025-08-12T12:06:04","modified_gmt":"2025-08-12T19:06:04","slug":"aprueba-cofepris-primer-consultorio-tradicional-indigena-en-sonora","status":"publish","type":"post","link":"https:\/\/rnoticias.com.mx\/Portal\/2025\/08\/12\/aprueba-cofepris-primer-consultorio-tradicional-indigena-en-sonora\/","title":{"rendered":"Aprueba Cofepris primer consultorio tradicional ind\u00edgena en Sonora"},"content":{"rendered":"<p>Un acontecimiento in\u00e9dito que no s\u00f3lo respalda oficialmente el uso de infusiones, ung\u00fcentos, masajes y limpias tradicionales, sino que reconoce, en el papel del Estado Mexicano, que la salud tambi\u00e9n habita en la cosmovisi\u00f3n de los pueblos originarios.<\/p>\n<p>Do\u00f1a Panchita, heredera de los saberes curativos de su madre y sobrina de la legendaria sanadora yaqui Mar\u00eda Matuz, ha pasado m\u00e1s de 15 a\u00f1os aliviando cuerpos con plantas, rezos y sus manos que aprendieron a sanar desde la infancia, mirando partos y aprendiendo- remedios que nunca se ense\u00f1aban en aulas.<\/p>\n<p>\u201cYo aprend\u00ed de mi mam\u00e1 porque ella sanaba, y tambi\u00e9n era partera. Ah\u00ed me daba cuenta que llevaba una persona a dar a luz con ella, yo aprend\u00ed de ah\u00ed, no me dejaban entrar pero yo siempre miraba\u201d, platic\u00f3.<\/p>\n<p>El 18 de julio, la mujer fue designada como responsable del primer consultorio de medicina tradicional ind\u00edgena aprobado por la Cofepris<\/p>\n<p>En el patio de su casa, do\u00f1a Panchita cultiva un jard\u00edn que es m\u00e1s que un huerto: guayabos, ruda, epazote, hierba del golpe y el tabach\u00edn de la sierra -flor que alivia ri\u00f1ones, regula la presi\u00f3n y combate la diabetes- crecen entre sombras y luz, recordando que, en esta tierra, cada planta guarda un destino.<\/p>\n<p>\u201cCuando no llueve se empiezan a comer (los animales) de todo ah\u00ed en el monte, ah\u00ed es donde se va a acabando la medicina tradicional y luego si no llueve con m\u00e1s raz\u00f3n\u201d, platic\u00f3 para La Jornada.<\/p>\n<p>Ese mismo monte en territorio yaqui provee las hierbas que ahora se preparan en el consultorio del hospital, donde tambi\u00e9n atiende una partera yaqui capacitada por m\u00e9dicos institucionales para combinar el cuidado culturalmente pertinente con la atenci\u00f3n obst\u00e9trica segura.<\/p>\n<p>El modelo es sencillo y profundo, el paciente puede acudir al m\u00e9dico del IMSS, a do\u00f1a Panchita o a ambos. No se trata de excluir, sino de sumar. \u201cAqu\u00ed se cura de todo\u201d, asegura. \u201cRevisamos a la gente, les damos cita cada mes y, si traen un dolor, aqu\u00ed vienen. Es su espacio\u201d.<\/p>\n<p>La misi\u00f3n sigue siendo la misma para do\u00f1a Panchita, quien aprendi\u00f3 en la cocina de su madre, viendo hervir agua en ollas con hojas reci\u00e9n cortadas y escuchando las voces de mujeres en labor de parto. Ahora, ese acto milenario se ejerce bajo techo institucional, sin perder su esencia y ra\u00edz.<\/p>\n<p>En la Naci\u00f3n Yaqui -ocho pueblos extendidos entre la sierra del Bacatete, el valle f\u00e9rtil del Yaqui y la costa del Mar de Cort\u00e9s- hay al menos 12 sanadores activos. Ninguno cobra por atender; la retribuci\u00f3n es, cuando llega, una propina o un obsequio. En ese tejido de reciprocidad y servicio se sostiene una tradici\u00f3n que ha sobrevivido a sequ\u00edas, modernidad y desplazamientos.<\/p>\n<p>El hospital donde se encuentra el consultorio fue inaugurado el 12 de julio por la presidenta Claudia Sheinbaum Pardo, como parte del Plan de Justicia para el Pueblo Yaqui. Con una inversi\u00f3n de m\u00e1s de 700 millones de pesos, cuenta con quir\u00f3fanos, sala de neonatos, 30 camas y 56 especialistas.<\/p>\n<p>La Cofepris aval\u00f3 este espacio tras revisar sus pr\u00e1cticas y protocolos, pero en la comunidad, la validaci\u00f3n lleg\u00f3 mucho antes, a trav\u00e9s de a\u00f1os de confianza a una mujer que jam\u00e1s dej\u00f3 de atender a quien lleg\u00f3 a su casa. (La Jornada)<\/p>\n","protected":false},"excerpt":{"rendered":"<p>Un acontecimiento in\u00e9dito que no s\u00f3lo respalda oficialmente el uso de infusiones, ung\u00fcentos, masajes y limpias tradicionales, sino que reconoce, en el papel del Estado Mexicano, que la salud tambi\u00e9n habita en la cosmovisi\u00f3n de los pueblos originarios. Do\u00f1a Panchita, heredera de los saberes curativos de su madre y sobrina de la legendaria sanadora yaqui [&hellip;]<\/p>\n","protected":false},"author":2,"featured_media":226508,"comment_status":"closed","ping_status":"closed","sticky":false,"template":"","format":"standard","meta":{"footnotes":""},"categories":[12870,174],"tags":[12865,12873],"class_list":["post-226507","post","type-post","status-publish","format-standard","has-post-thumbnail","hentry","category-destacadas","category-estatal","tag-destacadas","tag-estatal"],"jetpack_featured_media_url":"https:\/\/rnoticias.com.mx\/Portal\/wp-content\/uploads\/2025\/08\/tradicional.jpg","amp_enabled":true,"_links":{"self":[{"href":"https:\/\/rnoticias.com.mx\/Portal\/wp-json\/wp\/v2\/posts\/226507","targetHints":{"allow":["GET"]}}],"collection":[{"href":"https:\/\/rnoticias.com.mx\/Portal\/wp-json\/wp\/v2\/posts"}],"about":[{"href":"https:\/\/rnoticias.com.mx\/Portal\/wp-json\/wp\/v2\/types\/post"}],"author":[{"embeddable":true,"href":"https:\/\/rnoticias.com.mx\/Portal\/wp-json\/wp\/v2\/users\/2"}],"replies":[{"embeddable":true,"href":"https:\/\/rnoticias.com.mx\/Portal\/wp-json\/wp\/v2\/comments?post=226507"}],"version-history":[{"count":1,"href":"https:\/\/rnoticias.com.mx\/Portal\/wp-json\/wp\/v2\/posts\/226507\/revisions"}],"predecessor-version":[{"id":226509,"href":"https:\/\/rnoticias.com.mx\/Portal\/wp-json\/wp\/v2\/posts\/226507\/revisions\/226509"}],"wp:featuredmedia":[{"embeddable":true,"href":"https:\/\/rnoticias.com.mx\/Portal\/wp-json\/wp\/v2\/media\/226508"}],"wp:attachment":[{"href":"https:\/\/rnoticias.com.mx\/Portal\/wp-json\/wp\/v2\/media?parent=226507"}],"wp:term":[{"taxonomy":"category","embeddable":true,"href":"https:\/\/rnoticias.com.mx\/Portal\/wp-json\/wp\/v2\/categories?post=226507"},{"taxonomy":"post_tag","embeddable":true,"href":"https:\/\/rnoticias.com.mx\/Portal\/wp-json\/wp\/v2\/tags?post=226507"}],"curies":[{"name":"wp","href":"https:\/\/api.w.org\/{rel}","templated":true}]}}