{"id":226495,"date":"2025-08-12T10:42:34","date_gmt":"2025-08-12T17:42:34","guid":{"rendered":"https:\/\/rnoticias.com.mx\/Portal\/?p=226495"},"modified":"2025-08-12T10:42:34","modified_gmt":"2025-08-12T17:42:34","slug":"haiti-declara-el-estado-de-emergencia-por-tres-meses","status":"publish","type":"post","link":"https:\/\/rnoticias.com.mx\/Portal\/2025\/08\/12\/haiti-declara-el-estado-de-emergencia-por-tres-meses\/","title":{"rendered":"Hait\u00ed declara el estado de emergencia por tres meses"},"content":{"rendered":"<p>El Consejo Presidencial de Transici\u00f3n de Hait\u00ed (CPT) y el Gobierno declararon el estado de emergencia durante tres meses en las regiones Oeste, Artibonite y Centro, departamentos que llevan varios meses sufriendo la violencia de las bandas criminales que azotan desde hace a\u00f1os el pa\u00eds caribe\u00f1o.<\/p>\n<div class=\"jeg_ad jeg_ad_article jnews_content_inline_ads  \"><\/div>\n<p>En un comunicado al que tuvo acceso EFE este domingo, el CPT se\u00f1al\u00f3 que esta decisi\u00f3n tiene por objeto conceder a las autoridades competentes el tiempo y los medios necesarios para restablecer la seguridad y la paz.<\/p>\n<p>Ante la magnitud de esta crisis, \u00abes imperativo decretar una gran movilizaci\u00f3n de los recursos y medios institucionales del Estado para remediarla\u00bb, se\u00f1al\u00f3.<\/p>\n<p>Esta decisi\u00f3n se inscribe en el marco de una serie de decisiones adoptadas en las \u00faltimas horas por las autoridades del pa\u00eds, con el fin de hacer frente a la crisis de seguridad a pocos meses de las elecciones previstas para finales de este a\u00f1o.<\/p>\n<p>En el comunicado, el CPT y el Gobierno subrayaron su \u00abfirme determinaci\u00f3n de adoptar todas las medidas urgentes y necesarias para restablecer la seguridad, garantizar el buen funcionamiento de las instituciones de la Rep\u00fablica y restaurar la dignidad nacional\u00bb.<\/p>\n","protected":false},"excerpt":{"rendered":"<p>El Consejo Presidencial de Transici\u00f3n de Hait\u00ed (CPT) y el Gobierno declararon el estado de emergencia durante tres meses en las regiones Oeste, Artibonite y Centro, departamentos que llevan varios meses sufriendo la violencia de las bandas criminales que azotan desde hace a\u00f1os el pa\u00eds caribe\u00f1o. En un comunicado al que tuvo acceso EFE este [&hellip;]<\/p>\n","protected":false},"author":2,"featured_media":226496,"comment_status":"closed","ping_status":"closed","sticky":false,"template":"","format":"standard","meta":{"footnotes":""},"categories":[12870,182],"tags":[12865,12871],"class_list":["post-226495","post","type-post","status-publish","format-standard","has-post-thumbnail","hentry","category-destacadas","category-internacional","tag-destacadas","tag-internacional"],"jetpack_featured_media_url":"https:\/\/rnoticias.com.mx\/Portal\/wp-content\/uploads\/2025\/08\/descarga-2.jpg","amp_enabled":true,"_links":{"self":[{"href":"https:\/\/rnoticias.com.mx\/Portal\/wp-json\/wp\/v2\/posts\/226495","targetHints":{"allow":["GET"]}}],"collection":[{"href":"https:\/\/rnoticias.com.mx\/Portal\/wp-json\/wp\/v2\/posts"}],"about":[{"href":"https:\/\/rnoticias.com.mx\/Portal\/wp-json\/wp\/v2\/types\/post"}],"author":[{"embeddable":true,"href":"https:\/\/rnoticias.com.mx\/Portal\/wp-json\/wp\/v2\/users\/2"}],"replies":[{"embeddable":true,"href":"https:\/\/rnoticias.com.mx\/Portal\/wp-json\/wp\/v2\/comments?post=226495"}],"version-history":[{"count":1,"href":"https:\/\/rnoticias.com.mx\/Portal\/wp-json\/wp\/v2\/posts\/226495\/revisions"}],"predecessor-version":[{"id":226497,"href":"https:\/\/rnoticias.com.mx\/Portal\/wp-json\/wp\/v2\/posts\/226495\/revisions\/226497"}],"wp:featuredmedia":[{"embeddable":true,"href":"https:\/\/rnoticias.com.mx\/Portal\/wp-json\/wp\/v2\/media\/226496"}],"wp:attachment":[{"href":"https:\/\/rnoticias.com.mx\/Portal\/wp-json\/wp\/v2\/media?parent=226495"}],"wp:term":[{"taxonomy":"category","embeddable":true,"href":"https:\/\/rnoticias.com.mx\/Portal\/wp-json\/wp\/v2\/categories?post=226495"},{"taxonomy":"post_tag","embeddable":true,"href":"https:\/\/rnoticias.com.mx\/Portal\/wp-json\/wp\/v2\/tags?post=226495"}],"curies":[{"name":"wp","href":"https:\/\/api.w.org\/{rel}","templated":true}]}}