{"id":226491,"date":"2025-08-12T10:41:00","date_gmt":"2025-08-12T17:41:00","guid":{"rendered":"https:\/\/rnoticias.com.mx\/Portal\/?p=226491"},"modified":"2025-08-12T10:41:00","modified_gmt":"2025-08-12T17:41:00","slug":"eu-autoriza-que-el-chapo-vea-a-su-nuevo-abogado-en-penal-de-super-maxima-seguridad","status":"publish","type":"post","link":"https:\/\/rnoticias.com.mx\/Portal\/2025\/08\/12\/eu-autoriza-que-el-chapo-vea-a-su-nuevo-abogado-en-penal-de-super-maxima-seguridad\/","title":{"rendered":"EU autoriza que \u2018El Chapo\u2019 vea a su nuevo abogado en penal de super m\u00e1xima seguridad"},"content":{"rendered":"<p class=\"c-paragraph\">La tarde de este lunes 11 de agosto, el gobierno de Estados Unidos dio a conocer que siempre s\u00ed dar\u00e1 oportunidad al abogado de\u00a0<b>Joaqu\u00edn \u2018El Chapo\u2019 Guzm\u00e1n<\/b>, para que lo pueda visitar en el penal de m\u00e1xima seguridad.<\/p>\n<p class=\"c-paragraph\">Esta informaci\u00f3n fue confirmada por el mismo abogado,\u00a0<b>Israel Jos\u00e9 Encinosa\u00a0<\/b>en un oficio fechado el d\u00eda de hoy dirigido al\u00a0<b>juez federal Brian Cogan<\/b>, responsable del juicio y condena impuesta al exl\u00edder y fundador del\u00a0<b>C\u00e1rtel de Sinaloa<\/b>.<\/p>\n<p class=\"c-paragraph\">La semana pasada se dio a conocer una\u00a0<b>carta manuscrita enviada por Guzm\u00e1n Loera<\/b>\u00a0al referido juez y fechada el 15 de julio. En ella el capo acusaba a las autoridades del penal de super m\u00e1xima seguridad\u00a0<b>ADX-Florence<\/b>\u00a0de bloquear tanto la correspondencia como el contacto con su nuevo litigante, y le ped\u00eda su intervenci\u00f3n al respecto.<\/p>\n<p class=\"c-paragraph\">La respuesta del<b>\u00a0juez de Cogan\u00a0<\/b>fue que primero se tendr\u00edan que agotar otras instancias administrativas.<\/p>\n<p class=\"c-paragraph\">Sin embargo, el defensor de Joaqu\u00edn Guzm\u00e1n aclar\u00f3 que las condiciones desde que esa carta fue enviada\u00a0<b>ya han cambiado, y que el Bur\u00f3 Federal de Prisiones,<\/b>\u00a0dependiente del gobierno federal, ya dio luz verde para las comunicaciones con su cliente.<\/p>\n","protected":false},"excerpt":{"rendered":"<p>La tarde de este lunes 11 de agosto, el gobierno de Estados Unidos dio a conocer que siempre s\u00ed dar\u00e1 oportunidad al abogado de\u00a0Joaqu\u00edn \u2018El Chapo\u2019 Guzm\u00e1n, para que lo pueda visitar en el penal de m\u00e1xima seguridad. Esta informaci\u00f3n fue confirmada por el mismo abogado,\u00a0Israel Jos\u00e9 Encinosa\u00a0en un oficio fechado el d\u00eda de hoy [&hellip;]<\/p>\n","protected":false},"author":2,"featured_media":226492,"comment_status":"closed","ping_status":"closed","sticky":false,"template":"","format":"standard","meta":{"footnotes":""},"categories":[12870,182],"tags":[12865,12871],"class_list":["post-226491","post","type-post","status-publish","format-standard","has-post-thumbnail","hentry","category-destacadas","category-internacional","tag-destacadas","tag-internacional"],"jetpack_featured_media_url":"https:\/\/rnoticias.com.mx\/Portal\/wp-content\/uploads\/2025\/08\/268001xeva20250811162007.webp","amp_enabled":true,"_links":{"self":[{"href":"https:\/\/rnoticias.com.mx\/Portal\/wp-json\/wp\/v2\/posts\/226491","targetHints":{"allow":["GET"]}}],"collection":[{"href":"https:\/\/rnoticias.com.mx\/Portal\/wp-json\/wp\/v2\/posts"}],"about":[{"href":"https:\/\/rnoticias.com.mx\/Portal\/wp-json\/wp\/v2\/types\/post"}],"author":[{"embeddable":true,"href":"https:\/\/rnoticias.com.mx\/Portal\/wp-json\/wp\/v2\/users\/2"}],"replies":[{"embeddable":true,"href":"https:\/\/rnoticias.com.mx\/Portal\/wp-json\/wp\/v2\/comments?post=226491"}],"version-history":[{"count":1,"href":"https:\/\/rnoticias.com.mx\/Portal\/wp-json\/wp\/v2\/posts\/226491\/revisions"}],"predecessor-version":[{"id":226494,"href":"https:\/\/rnoticias.com.mx\/Portal\/wp-json\/wp\/v2\/posts\/226491\/revisions\/226494"}],"wp:featuredmedia":[{"embeddable":true,"href":"https:\/\/rnoticias.com.mx\/Portal\/wp-json\/wp\/v2\/media\/226492"}],"wp:attachment":[{"href":"https:\/\/rnoticias.com.mx\/Portal\/wp-json\/wp\/v2\/media?parent=226491"}],"wp:term":[{"taxonomy":"category","embeddable":true,"href":"https:\/\/rnoticias.com.mx\/Portal\/wp-json\/wp\/v2\/categories?post=226491"},{"taxonomy":"post_tag","embeddable":true,"href":"https:\/\/rnoticias.com.mx\/Portal\/wp-json\/wp\/v2\/tags?post=226491"}],"curies":[{"name":"wp","href":"https:\/\/api.w.org\/{rel}","templated":true}]}}