{"id":226466,"date":"2025-08-12T09:25:01","date_gmt":"2025-08-12T16:25:01","guid":{"rendered":"https:\/\/rnoticias.com.mx\/Portal\/?p=226466"},"modified":"2025-08-12T09:25:01","modified_gmt":"2025-08-12T16:25:01","slug":"aicm-vuelve-a-suspender-operaciones-por-fuertes-lluvias-en-la-cdmx","status":"publish","type":"post","link":"https:\/\/rnoticias.com.mx\/Portal\/2025\/08\/12\/aicm-vuelve-a-suspender-operaciones-por-fuertes-lluvias-en-la-cdmx\/","title":{"rendered":"AICM vuelve a suspender operaciones por fuertes lluvias en la CDMX"},"content":{"rendered":"<p><strong>El Aeropuerto Internacional de la Ciudad de M\u00e9xico<\/strong>\u00a0(AICM) volvi\u00f3 a\u00a0<strong>suspender<\/strong>\u00a0sus operaciones este martes debido a las intensas lluvias que prevalecen en la capital del pa\u00eds.<\/p>\n<p>En un comunicado, el AICM detall\u00f3 que, por disposici\u00f3n de la autoridad aeron\u00e1utica, \u201cse cerraron las operaciones de\u00a0<strong>aterrizaje y despegue<\/strong>\u00a0desde las 2:13 horas\u201d, y estim\u00f3 que reanuden las operaciones a las 6 horas de este mismo d\u00eda. Sin embargo, hasta ahora no ha informado su reanudaci\u00f3n.<\/p>\n<p>Adem\u00e1s, indic\u00f3 que contin\u00faan los trabajos de desalojo de las\u00a0<strong>aguas pluviales<\/strong>\u00a0que ocasionaron encharcamientos en su \u00e1rea operativa, esto \u201ccon el fin de recuperar pronto la capacidad de operaci\u00f3n con\u00a0<strong>seguridad<\/strong>\u201d.<\/p>\n<p>El AICM recomend\u00f3 a los\u00a0<strong>usuarios<\/strong>\u00a0mantenerse en contacto con su\u00a0<strong>aerol\u00ednea<\/strong>, para conocer el estatus de tu vuelo.<\/p>\n","protected":false},"excerpt":{"rendered":"<p>El Aeropuerto Internacional de la Ciudad de M\u00e9xico\u00a0(AICM) volvi\u00f3 a\u00a0suspender\u00a0sus operaciones este martes debido a las intensas lluvias que prevalecen en la capital del pa\u00eds. En un comunicado, el AICM detall\u00f3 que, por disposici\u00f3n de la autoridad aeron\u00e1utica, \u201cse cerraron las operaciones de\u00a0aterrizaje y despegue\u00a0desde las 2:13 horas\u201d, y estim\u00f3 que reanuden las operaciones a [&hellip;]<\/p>\n","protected":false},"author":2,"featured_media":226468,"comment_status":"closed","ping_status":"closed","sticky":false,"template":"","format":"standard","meta":{"footnotes":""},"categories":[12870,172],"tags":[12865,12874],"class_list":["post-226466","post","type-post","status-publish","format-standard","has-post-thumbnail","hentry","category-destacadas","category-nacional","tag-destacadas","tag-nacional"],"jetpack_featured_media_url":"https:\/\/rnoticias.com.mx\/Portal\/wp-content\/uploads\/2025\/08\/aicm-lluvias-10-agosto.jpg","amp_enabled":true,"_links":{"self":[{"href":"https:\/\/rnoticias.com.mx\/Portal\/wp-json\/wp\/v2\/posts\/226466","targetHints":{"allow":["GET"]}}],"collection":[{"href":"https:\/\/rnoticias.com.mx\/Portal\/wp-json\/wp\/v2\/posts"}],"about":[{"href":"https:\/\/rnoticias.com.mx\/Portal\/wp-json\/wp\/v2\/types\/post"}],"author":[{"embeddable":true,"href":"https:\/\/rnoticias.com.mx\/Portal\/wp-json\/wp\/v2\/users\/2"}],"replies":[{"embeddable":true,"href":"https:\/\/rnoticias.com.mx\/Portal\/wp-json\/wp\/v2\/comments?post=226466"}],"version-history":[{"count":1,"href":"https:\/\/rnoticias.com.mx\/Portal\/wp-json\/wp\/v2\/posts\/226466\/revisions"}],"predecessor-version":[{"id":226469,"href":"https:\/\/rnoticias.com.mx\/Portal\/wp-json\/wp\/v2\/posts\/226466\/revisions\/226469"}],"wp:featuredmedia":[{"embeddable":true,"href":"https:\/\/rnoticias.com.mx\/Portal\/wp-json\/wp\/v2\/media\/226468"}],"wp:attachment":[{"href":"https:\/\/rnoticias.com.mx\/Portal\/wp-json\/wp\/v2\/media?parent=226466"}],"wp:term":[{"taxonomy":"category","embeddable":true,"href":"https:\/\/rnoticias.com.mx\/Portal\/wp-json\/wp\/v2\/categories?post=226466"},{"taxonomy":"post_tag","embeddable":true,"href":"https:\/\/rnoticias.com.mx\/Portal\/wp-json\/wp\/v2\/tags?post=226466"}],"curies":[{"name":"wp","href":"https:\/\/api.w.org\/{rel}","templated":true}]}}