{"id":226457,"date":"2025-08-11T20:59:44","date_gmt":"2025-08-12T03:59:44","guid":{"rendered":"https:\/\/rnoticias.com.mx\/Portal\/?p=226457"},"modified":"2025-08-11T20:59:44","modified_gmt":"2025-08-12T03:59:44","slug":"gobierno-de-sonora-celebra-el-dia-internacional-de-los-pueblos-indigenas-en-bosque-urbano-la-sauceda-isc","status":"publish","type":"post","link":"https:\/\/rnoticias.com.mx\/Portal\/2025\/08\/11\/gobierno-de-sonora-celebra-el-dia-internacional-de-los-pueblos-indigenas-en-bosque-urbano-la-sauceda-isc\/","title":{"rendered":"Gobierno de Sonora celebra el D\u00eda Internacional de los Pueblos Ind\u00edgenas en Bosque Urbano La Sauceda: ISC"},"content":{"rendered":"<p align=\"justify\">Hermosillo, Sonora; 11 de agosto de 2025.- En el marco del D\u00eda Internacional de los Pueblos Ind\u00edgenas, el Gobierno de Sonora, a trav\u00e9s del Instituto Sonorense de Cultura (ISC), organiz\u00f3 un encuentro entre comunidades el domingo por la tarde en el Bosque Urbano La Sauceda, que se convirti\u00f3 en una oportunidad para estrechar lazos de respeto y convivencia intercultural con nuestras comunidades y pueblos originarios.<\/p>\n<p align=\"justify\">El programa cont\u00f3 con la participaci\u00f3n art\u00edstica de representantes de las culturas Yoreme-Mayo, Yoeme-Yaqui, Macurawe-Guarij\u00edos, Oob-Pima, Tohono O\u2019odham, Kikap\u00fa, Cucap\u00e1, N&#8217;dee\/N&#8217;nee\/Nd\u00e9, Triqui y Comc\u00e1ac, quienes compartieron con orgullo su m\u00fasica, danza, canto, poes\u00eda y tradiciones. Desde la poes\u00eda en idioma yoreme con Emilia Buitimea e invitadas mayo, n\u2019dee y guarij\u00edos, hasta los cantos comc\u00e1ac, la celebraci\u00f3n se llen\u00f3 de voces y sonidos que fortalecen el sentido de identidad, diversidad y pertenencia en el territorio sonorense.<\/p>\n<p align=\"justify\">El juramento kikap\u00fa, con su fuerza y simbolismo, as\u00ed como la exhibici\u00f3n de artesan\u00edas y la degustaci\u00f3n de la gastronom\u00eda mayo y comc\u00e1ac, invitaron a los asistentes a un viaje sensorial por la diversidad cultural de Sonora. Cada expresi\u00f3n art\u00edstica y culinaria fue un recordatorio de la importancia de preservar, valorar y transmitir las tradiciones de generaci\u00f3n en generaci\u00f3n.<\/p>\n<p align=\"justify\">En la mesa de honor se cont\u00f3 con la presencia de Guadalupe Beatriz Aldaco Encinas, directora general del Instituto Sonorense de Cultura; Jos\u00e9 Mart\u00edn V\u00e9lez de la Rocha, coordinador de la Comisi\u00f3n Estatal para el Desarrollo de los Pueblos y Comunidades Ind\u00edgenas; y Jes\u00fas Antonio Madrid Del R\u00edo, director general del Bosque Urbano La Sauceda, instituciones anfitrionas que refrendaron el compromiso institucional de seguir impulsando acciones que fortalezcan y promuevan el patrimonio cultural de nuestras comunidades y pueblos.<\/p>\n<p align=\"justify\">Este encuentro se convirti\u00f3 en un espacio vivo de di\u00e1logo, respeto, intercambio y reconocimiento hacia los pueblos originarios, donde cada palabra, ritmo, aroma y color teji\u00f3 una experiencia de unidad y celebraci\u00f3n. El arte y la cultura son puentes que unen nuestras diferencias para construir un futuro com\u00fan m\u00e1s inclusivo y consciente de nuestras ra\u00edces.<\/p>\n<p align=\"justify\">Consulta la agenda de actividades culturales de la entidad en\u00a0<a href=\"http:\/\/isc.sonora.edu.mx\/\" target=\"_blank\" rel=\"noopener\" data-saferedirecturl=\"https:\/\/www.google.com\/url?q=http:\/\/isc.sonora.edu.mx&amp;source=gmail&amp;ust=1755046235592000&amp;usg=AOvVaw1ATaszK6Faqi8t5x2gYKo5\">isc.sonora.edu.mx<\/a>\u00a0y en redes sociales a trav\u00e9s de @iscsonora.<\/p>\n","protected":false},"excerpt":{"rendered":"<p>Hermosillo, Sonora; 11 de agosto de 2025.- En el marco del D\u00eda Internacional de los Pueblos Ind\u00edgenas, el Gobierno de Sonora, a trav\u00e9s del Instituto Sonorense de Cultura (ISC), organiz\u00f3 un encuentro entre comunidades el domingo por la tarde en el Bosque Urbano La Sauceda, que se convirti\u00f3 en una oportunidad para estrechar lazos de [&hellip;]<\/p>\n","protected":false},"author":2,"featured_media":226458,"comment_status":"closed","ping_status":"closed","sticky":false,"template":"","format":"standard","meta":{"footnotes":""},"categories":[12870,178],"tags":[12865,12869],"class_list":["post-226457","post","type-post","status-publish","format-standard","has-post-thumbnail","hentry","category-destacadas","category-local","tag-destacadas","tag-local"],"jetpack_featured_media_url":"https:\/\/rnoticias.com.mx\/Portal\/wp-content\/uploads\/2025\/08\/unnamed-32.jpg","amp_enabled":true,"_links":{"self":[{"href":"https:\/\/rnoticias.com.mx\/Portal\/wp-json\/wp\/v2\/posts\/226457","targetHints":{"allow":["GET"]}}],"collection":[{"href":"https:\/\/rnoticias.com.mx\/Portal\/wp-json\/wp\/v2\/posts"}],"about":[{"href":"https:\/\/rnoticias.com.mx\/Portal\/wp-json\/wp\/v2\/types\/post"}],"author":[{"embeddable":true,"href":"https:\/\/rnoticias.com.mx\/Portal\/wp-json\/wp\/v2\/users\/2"}],"replies":[{"embeddable":true,"href":"https:\/\/rnoticias.com.mx\/Portal\/wp-json\/wp\/v2\/comments?post=226457"}],"version-history":[{"count":1,"href":"https:\/\/rnoticias.com.mx\/Portal\/wp-json\/wp\/v2\/posts\/226457\/revisions"}],"predecessor-version":[{"id":226459,"href":"https:\/\/rnoticias.com.mx\/Portal\/wp-json\/wp\/v2\/posts\/226457\/revisions\/226459"}],"wp:featuredmedia":[{"embeddable":true,"href":"https:\/\/rnoticias.com.mx\/Portal\/wp-json\/wp\/v2\/media\/226458"}],"wp:attachment":[{"href":"https:\/\/rnoticias.com.mx\/Portal\/wp-json\/wp\/v2\/media?parent=226457"}],"wp:term":[{"taxonomy":"category","embeddable":true,"href":"https:\/\/rnoticias.com.mx\/Portal\/wp-json\/wp\/v2\/categories?post=226457"},{"taxonomy":"post_tag","embeddable":true,"href":"https:\/\/rnoticias.com.mx\/Portal\/wp-json\/wp\/v2\/tags?post=226457"}],"curies":[{"name":"wp","href":"https:\/\/api.w.org\/{rel}","templated":true}]}}