{"id":226440,"date":"2025-08-11T20:18:45","date_gmt":"2025-08-12T03:18:45","guid":{"rendered":"https:\/\/rnoticias.com.mx\/Portal\/?p=226440"},"modified":"2025-08-11T20:18:45","modified_gmt":"2025-08-12T03:18:45","slug":"aumenta-la-ciudad-sensores-para-medir-la-calidad-del-aire","status":"publish","type":"post","link":"https:\/\/rnoticias.com.mx\/Portal\/2025\/08\/11\/aumenta-la-ciudad-sensores-para-medir-la-calidad-del-aire\/","title":{"rendered":"Aumenta la ciudad sensores para medir la calidad del aire"},"content":{"rendered":"<p>Hermosillo, Sonora. Con la incorporaci\u00f3n de diez nuevos sensores a la red de monitoreo de calidad del aire, Hermosillo fortalece su compromiso ambiental.<\/p>\n<p>El presidente municipal, Antonio Astiazar\u00e1n Guti\u00e9rrez, encabez\u00f3 la primera sesi\u00f3n ordinaria del Comit\u00e9 de Monitoreo de Calidad del Aire, donde se aprob\u00f3 el Programa de Gesti\u00f3n para Mejorar la Calidad del Aire de Hermosillo (REMAH).<\/p>\n<p>Este programa busca evaluar contaminantes, generar alertas tempranas y promover acciones para mejorar la salud p\u00fablica, con la participaci\u00f3n de gobierno, academia y sociedad civil. Las nuevas estaciones se instalar\u00e1n en zonas como Poblado Miguel Alem\u00e1n, La Victoria y San Pedro, sum\u00e1ndose a las 12 ya existentes.<\/p>\n<p>El Comit\u00e9, creado en mayo de 2025, integra a diversos sectores para garantizar un monitoreo integral y efectivo en la ciudad.<\/p>\n","protected":false},"excerpt":{"rendered":"<p>Hermosillo, Sonora. Con la incorporaci\u00f3n de diez nuevos sensores a la red de monitoreo de calidad del aire, Hermosillo fortalece su compromiso ambiental. El presidente municipal, Antonio Astiazar\u00e1n Guti\u00e9rrez, encabez\u00f3 la primera sesi\u00f3n ordinaria del Comit\u00e9 de Monitoreo de Calidad del Aire, donde se aprob\u00f3 el Programa de Gesti\u00f3n para Mejorar la Calidad del Aire [&hellip;]<\/p>\n","protected":false},"author":2,"featured_media":226441,"comment_status":"closed","ping_status":"closed","sticky":false,"template":"","format":"standard","meta":{"footnotes":""},"categories":[12870,178],"tags":[12865,12869],"class_list":["post-226440","post","type-post","status-publish","format-standard","has-post-thumbnail","hentry","category-destacadas","category-local","tag-destacadas","tag-local"],"jetpack_featured_media_url":"https:\/\/rnoticias.com.mx\/Portal\/wp-content\/uploads\/2025\/08\/Aire-Calidad-324x160-1.jpg","amp_enabled":true,"_links":{"self":[{"href":"https:\/\/rnoticias.com.mx\/Portal\/wp-json\/wp\/v2\/posts\/226440","targetHints":{"allow":["GET"]}}],"collection":[{"href":"https:\/\/rnoticias.com.mx\/Portal\/wp-json\/wp\/v2\/posts"}],"about":[{"href":"https:\/\/rnoticias.com.mx\/Portal\/wp-json\/wp\/v2\/types\/post"}],"author":[{"embeddable":true,"href":"https:\/\/rnoticias.com.mx\/Portal\/wp-json\/wp\/v2\/users\/2"}],"replies":[{"embeddable":true,"href":"https:\/\/rnoticias.com.mx\/Portal\/wp-json\/wp\/v2\/comments?post=226440"}],"version-history":[{"count":1,"href":"https:\/\/rnoticias.com.mx\/Portal\/wp-json\/wp\/v2\/posts\/226440\/revisions"}],"predecessor-version":[{"id":226442,"href":"https:\/\/rnoticias.com.mx\/Portal\/wp-json\/wp\/v2\/posts\/226440\/revisions\/226442"}],"wp:featuredmedia":[{"embeddable":true,"href":"https:\/\/rnoticias.com.mx\/Portal\/wp-json\/wp\/v2\/media\/226441"}],"wp:attachment":[{"href":"https:\/\/rnoticias.com.mx\/Portal\/wp-json\/wp\/v2\/media?parent=226440"}],"wp:term":[{"taxonomy":"category","embeddable":true,"href":"https:\/\/rnoticias.com.mx\/Portal\/wp-json\/wp\/v2\/categories?post=226440"},{"taxonomy":"post_tag","embeddable":true,"href":"https:\/\/rnoticias.com.mx\/Portal\/wp-json\/wp\/v2\/tags?post=226440"}],"curies":[{"name":"wp","href":"https:\/\/api.w.org\/{rel}","templated":true}]}}