{"id":226437,"date":"2025-08-11T20:16:08","date_gmt":"2025-08-12T03:16:08","guid":{"rendered":"https:\/\/rnoticias.com.mx\/Portal\/?p=226437"},"modified":"2025-08-11T20:16:08","modified_gmt":"2025-08-12T03:16:08","slug":"participacion-politica-de-las-mujeres-es-la-fuerza-para-construir-una-democracia-mas-inclusiva-consejera-rita-bell-lopez","status":"publish","type":"post","link":"https:\/\/rnoticias.com.mx\/Portal\/2025\/08\/11\/participacion-politica-de-las-mujeres-es-la-fuerza-para-construir-una-democracia-mas-inclusiva-consejera-rita-bell-lopez\/","title":{"rendered":"Participaci\u00f3n pol\u00edtica de las mujeres es la fuerza para construir una democracia m\u00e1s inclusiva: Consejera Rita Bell L\u00f3pez"},"content":{"rendered":"<p class=\"x_MsoNormal\"><span data-olk-copy-source=\"MessageBody\">La incorporaci\u00f3n de la participaci\u00f3n pol\u00edtica de las mujeres como eje central del Congreso, no s\u00f3lo es fundamental para contar con elementos para construir una democracia m\u00e1s inclusiva, sino que tambi\u00e9n reconoce el papel transformador de los feminismos como punto de inflexi\u00f3n que generan cambios de paradigmas en la construcci\u00f3n del conocimiento, asegur\u00f3 la Consejera del Instituto Nacional Electoral (INE), Rita Bell L\u00f3pez Vences.<\/span><\/p>\n<p class=\"x_MsoNormal\">\n<p class=\"x_MsoNormal\">Al participar en la ceremonia de clausura del XIII Congreso Internacional de la Asociaci\u00f3n Mexicana de Ciencias Pol\u00edticas (AMECIP), titulado\u00a0<i>Mujeres y democracia: participaci\u00f3n pol\u00edtica y desaf\u00edos para un futuro inclusivo<\/i>, subray\u00f3 que este evento y todas las personas que participaron durante cinco d\u00edas \u201chan contribuido significativamente al di\u00e1logo acad\u00e9mico, a la discusi\u00f3n pol\u00edtica y, sobre todo, a la formaci\u00f3n de nuevas generaciones de polit\u00f3logas y polit\u00f3logos\u201d.<\/p>\n<p class=\"x_MsoNormal\">\n<p class=\"x_MsoNormal\">L\u00f3pez Vences celebr\u00f3 que, mediante este congreso, se han fortalecido las redes de colaboraci\u00f3n entre la academia, el sector p\u00fablico y la sociedad civil.<\/p>\n<p class=\"x_MsoNormal\">\n<p class=\"x_MsoNormal\">\u201cEspero que el conocimiento compartido y las ideas debatidas sean la semilla de futuras investigaciones, de iniciativas legislativas m\u00e1s justas y de acciones ciudadanas que impulsen un futuro con mayor igualdad. Que la inspiraci\u00f3n que hemos encontrado en este espacio nos motive a seguir trabajando por un mundo donde la democracia sea, en su sentido m\u00e1s pleno, de todas y para todas\u201d, enfatiz\u00f3.<\/p>\n<p class=\"x_MsoNormal\">\n<p class=\"x_MsoNormal\">En la ceremonia de clausura tambi\u00e9n estuvieron presentes la Secretaria Acad\u00e9mica de la Coordinaci\u00f3n de Humanidades de la Universidad Nacional Aut\u00f3noma de M\u00e9xico (UNAM) Fiorella Mancini; la Coordinadora de Internacionalizaci\u00f3n de la Coordinaci\u00f3n General de Estudios de Posgrado de la UNAM, Rosa Mar\u00eda Mir\u00f3n y la gerente de proyectos acad\u00e9micos de la Fundaci\u00f3n Konrad Adenauer M\u00e9xico, Mariana Mohl Vargas.<\/p>\n<p class=\"x_MsoNormal\">\n<p class=\"x_MsoNormal\">Asimismo, de la Presidenta de la AMECIP, Azul Aguiar Aguilar; la Directora del Comit\u00e9 de la AMECIP en la Ciudad de M\u00e9xico, Erika Granados Aguilar y Fernando Barrientos, miembro de la Junta Directiva Nacional de la AMECIP.<\/p>\n<p class=\"x_MsoNormal\">\n<p class=\"x_MsoNormal\"><b><i>Destaca Consejera Rita Bell L\u00f3pez trabajo coordinado con los OPL<\/i><\/b><\/p>\n<p class=\"x_MsoNormal\"><b><i>\u00a0<\/i><\/b><\/p>\n<p class=\"x_MsoNormal\">Previamente, al participar en la mesa titulada\u00a0<i>Coordinaci\u00f3n institucional INE-OPL en el Proceso Electoral Extraordinario para la elecci\u00f3n de diversos cargos del Poder Judicial de la Federaci\u00f3n 2024-2025<\/i>, la Consejera Rita Bell L\u00f3pez sostuvo que el trabajo conjunto entre el Instituto y los Organismos P\u00fablicos Locales (OPL) permite dar a la ciudadan\u00eda procesos electorales con un mismo est\u00e1ndar de calidad, lo cual refuerza la confianza en las instituciones.<\/p>\n<p class=\"x_MsoNormal\">\n<p class=\"x_MsoNormal\">Por lo anterior, agradeci\u00f3 y reconoci\u00f3 la labor de los institutos electorales locales en la primera elecci\u00f3n judicial, \u201cpor el gran esfuerzo que realizaron y por el trabajo que tuvieron; fue complejo y dif\u00edcil, pero lo logramos, cada uno, de acuerdo con sus recursos y posibilidades\u201d.<\/p>\n<p class=\"x_MsoNormal\">\n<p class=\"x_MsoNormal\">De cara al Proceso Electoral Concurrente 2026-2027, la Consejera se\u00f1al\u00f3 que es necesario que tanto el INE como los OPL realicen un estudio integral que permita recuperar la experiencia adquirida en este proceso y se formulen propuestas operativas, normativas y presupuestarias que mejoren los procesos dentro de la organizaci\u00f3n de elecci\u00f3n de personas juzgadoras.<\/p>\n<p class=\"x_MsoNormal\">\n<p class=\"x_MsoNormal\">En esta mesa tambi\u00e9n participaron el Consejero Presidente del Instituto Electoral y de Participaci\u00f3n Ciudadana de Durango, Roberto Herrera Hern\u00e1ndez; la Consejera Presidenta del Organismo P\u00fablico Local Electoral de Veracruz, Marisol Delgadillo Morales y el acad\u00e9mico de la Facultad de Ciencias Pol\u00edticas y Sociales de la UNAM, Said Hern\u00e1ndez Quintana.<\/p>\n<p class=\"x_MsoNormal\">\n<p class=\"x_MsoNormal\">Por otra parte, al comentar la conferencia magistral del acad\u00e9mico de la Universidad de Stanford, Kurt Weyland, el Consejero Uuc-kib Espadas Ancona recalc\u00f3 que \u201cla democracia mexicana no est\u00e1 muerta; ha sido acosada como otras democracias del mundo, pero a final de cuentas hoy, en este pa\u00eds, el voto sigue decidiendo qui\u00e9nes ocupan las posiciones de gobierno\u201d.<\/p>\n<p class=\"x_MsoNormal\"><b>\u00a0<\/b><\/p>\n","protected":false},"excerpt":{"rendered":"<p>La incorporaci\u00f3n de la participaci\u00f3n pol\u00edtica de las mujeres como eje central del Congreso, no s\u00f3lo es fundamental para contar con elementos para construir una democracia m\u00e1s inclusiva, sino que tambi\u00e9n reconoce el papel transformador de los feminismos como punto de inflexi\u00f3n que generan cambios de paradigmas en la construcci\u00f3n del conocimiento, asegur\u00f3 la Consejera [&hellip;]<\/p>\n","protected":false},"author":2,"featured_media":226438,"comment_status":"closed","ping_status":"closed","sticky":false,"template":"","format":"standard","meta":{"footnotes":""},"categories":[12868],"tags":[12879],"class_list":["post-226437","post","type-post","status-publish","format-standard","has-post-thumbnail","hentry","category-politica","tag-politica"],"jetpack_featured_media_url":"https:\/\/rnoticias.com.mx\/Portal\/wp-content\/uploads\/2025\/08\/CE-RitaBell-300x234-1.jpg","amp_enabled":true,"_links":{"self":[{"href":"https:\/\/rnoticias.com.mx\/Portal\/wp-json\/wp\/v2\/posts\/226437","targetHints":{"allow":["GET"]}}],"collection":[{"href":"https:\/\/rnoticias.com.mx\/Portal\/wp-json\/wp\/v2\/posts"}],"about":[{"href":"https:\/\/rnoticias.com.mx\/Portal\/wp-json\/wp\/v2\/types\/post"}],"author":[{"embeddable":true,"href":"https:\/\/rnoticias.com.mx\/Portal\/wp-json\/wp\/v2\/users\/2"}],"replies":[{"embeddable":true,"href":"https:\/\/rnoticias.com.mx\/Portal\/wp-json\/wp\/v2\/comments?post=226437"}],"version-history":[{"count":1,"href":"https:\/\/rnoticias.com.mx\/Portal\/wp-json\/wp\/v2\/posts\/226437\/revisions"}],"predecessor-version":[{"id":226439,"href":"https:\/\/rnoticias.com.mx\/Portal\/wp-json\/wp\/v2\/posts\/226437\/revisions\/226439"}],"wp:featuredmedia":[{"embeddable":true,"href":"https:\/\/rnoticias.com.mx\/Portal\/wp-json\/wp\/v2\/media\/226438"}],"wp:attachment":[{"href":"https:\/\/rnoticias.com.mx\/Portal\/wp-json\/wp\/v2\/media?parent=226437"}],"wp:term":[{"taxonomy":"category","embeddable":true,"href":"https:\/\/rnoticias.com.mx\/Portal\/wp-json\/wp\/v2\/categories?post=226437"},{"taxonomy":"post_tag","embeddable":true,"href":"https:\/\/rnoticias.com.mx\/Portal\/wp-json\/wp\/v2\/tags?post=226437"}],"curies":[{"name":"wp","href":"https:\/\/api.w.org\/{rel}","templated":true}]}}