{"id":226433,"date":"2025-08-11T20:14:54","date_gmt":"2025-08-12T03:14:54","guid":{"rendered":"https:\/\/rnoticias.com.mx\/Portal\/?p=226433"},"modified":"2025-08-11T20:14:54","modified_gmt":"2025-08-12T03:14:54","slug":"respalda-especialista-acciones-para-combatir-la-sequia","status":"publish","type":"post","link":"https:\/\/rnoticias.com.mx\/Portal\/2025\/08\/11\/respalda-especialista-acciones-para-combatir-la-sequia\/","title":{"rendered":"Respalda especialista acciones para combatir la sequ\u00eda"},"content":{"rendered":"<p>Hermosillo, Sonora. Hermosillo enfrenta una de las sequ\u00edas m\u00e1s severas en su historia, con solo 11.9 mm de lluvia acumulada entre junio y julio de 2025, muy por debajo del promedio hist\u00f3rico de 92.4 mm para ese mismo periodo.<\/p>\n<p>Ante esta cr\u00edtica situaci\u00f3n, el Gobierno Municipal ha destinado m\u00e1s de 600 millones de pesos para operar 115 pozos y fortalecer el modelo de gesti\u00f3n CUIDA, con el objetivo de mitigar el impacto de la escasez de agua.<\/p>\n<p>Lucas Antonio Oroz Ramos, asesor ambiental y miembro de la Mesa de Agua de Hermosillo \u00bfC\u00f3mo Vamos?, se\u00f1al\u00f3 que la informaci\u00f3n publicada por el Ayuntamiento refleja con precisi\u00f3n la gravedad del problema.<\/p>\n<p>\u201cJulio estuvo muy por debajo del promedio hist\u00f3rico. Las lluvias apenas comienzan y las condiciones siguen siendo muy complicadas\u201d, afirm\u00f3.<\/p>\n<p>Seg\u00fan el Monitor de Sequ\u00eda de la Comisi\u00f3n Nacional del Agua (Conagua), Sonora es el \u00fanico estado del pa\u00eds en sequ\u00eda total, con 14 municipios en condici\u00f3n de sequ\u00eda excepcional, 22 en extrema y 19 en severa.<\/p>\n<p>\u201cAnte esta realidad, perforar pozos es la \u00fanica opci\u00f3n viable para mantener el suministro. Lo que ayuda a Hermosillo es el Acueducto Independencia, que sigue aportando una cantidad importante de agua\u201d, indic\u00f3.<\/p>\n<p>Finalmente, advirti\u00f3 que, adem\u00e1s de invertir en infraestructura, es fundamental mejorar la eficiencia del sistema de agua potable.<\/p>\n","protected":false},"excerpt":{"rendered":"<p>Hermosillo, Sonora. Hermosillo enfrenta una de las sequ\u00edas m\u00e1s severas en su historia, con solo 11.9 mm de lluvia acumulada entre junio y julio de 2025, muy por debajo del promedio hist\u00f3rico de 92.4 mm para ese mismo periodo. Ante esta cr\u00edtica situaci\u00f3n, el Gobierno Municipal ha destinado m\u00e1s de 600 millones de pesos para [&hellip;]<\/p>\n","protected":false},"author":2,"featured_media":226435,"comment_status":"closed","ping_status":"closed","sticky":false,"template":"","format":"standard","meta":{"footnotes":""},"categories":[12870,178],"tags":[12865,12869],"class_list":["post-226433","post","type-post","status-publish","format-standard","has-post-thumbnail","hentry","category-destacadas","category-local","tag-destacadas","tag-local"],"jetpack_featured_media_url":"https:\/\/rnoticias.com.mx\/Portal\/wp-content\/uploads\/2025\/08\/f97b7a51-fe42-40db-b089-f16997a5441d.jpg","amp_enabled":true,"_links":{"self":[{"href":"https:\/\/rnoticias.com.mx\/Portal\/wp-json\/wp\/v2\/posts\/226433","targetHints":{"allow":["GET"]}}],"collection":[{"href":"https:\/\/rnoticias.com.mx\/Portal\/wp-json\/wp\/v2\/posts"}],"about":[{"href":"https:\/\/rnoticias.com.mx\/Portal\/wp-json\/wp\/v2\/types\/post"}],"author":[{"embeddable":true,"href":"https:\/\/rnoticias.com.mx\/Portal\/wp-json\/wp\/v2\/users\/2"}],"replies":[{"embeddable":true,"href":"https:\/\/rnoticias.com.mx\/Portal\/wp-json\/wp\/v2\/comments?post=226433"}],"version-history":[{"count":1,"href":"https:\/\/rnoticias.com.mx\/Portal\/wp-json\/wp\/v2\/posts\/226433\/revisions"}],"predecessor-version":[{"id":226436,"href":"https:\/\/rnoticias.com.mx\/Portal\/wp-json\/wp\/v2\/posts\/226433\/revisions\/226436"}],"wp:featuredmedia":[{"embeddable":true,"href":"https:\/\/rnoticias.com.mx\/Portal\/wp-json\/wp\/v2\/media\/226435"}],"wp:attachment":[{"href":"https:\/\/rnoticias.com.mx\/Portal\/wp-json\/wp\/v2\/media?parent=226433"}],"wp:term":[{"taxonomy":"category","embeddable":true,"href":"https:\/\/rnoticias.com.mx\/Portal\/wp-json\/wp\/v2\/categories?post=226433"},{"taxonomy":"post_tag","embeddable":true,"href":"https:\/\/rnoticias.com.mx\/Portal\/wp-json\/wp\/v2\/tags?post=226433"}],"curies":[{"name":"wp","href":"https:\/\/api.w.org\/{rel}","templated":true}]}}