{"id":226427,"date":"2025-08-11T20:07:35","date_gmt":"2025-08-12T03:07:35","guid":{"rendered":"https:\/\/rnoticias.com.mx\/Portal\/?p=226427"},"modified":"2025-08-11T20:07:35","modified_gmt":"2025-08-12T03:07:35","slug":"netanyahu-reafirma-ofensiva-en-ciudad-de-gaza-pese-a-alertas-de-la-onu-sobre-crisis-humanitaria-y-condena-mundial","status":"publish","type":"post","link":"https:\/\/rnoticias.com.mx\/Portal\/2025\/08\/11\/netanyahu-reafirma-ofensiva-en-ciudad-de-gaza-pese-a-alertas-de-la-onu-sobre-crisis-humanitaria-y-condena-mundial\/","title":{"rendered":"Netanyahu reafirma ofensiva en Ciudad de Gaza pese a alertas de la ONU sobre crisis humanitaria y condena mundial"},"content":{"rendered":"<p>En una conferencia de prensa dirigida a medios internacionales, el primer ministro de Israel, Benjamin Netanyahu, defendi\u00f3 la inminente toma militar de la Ciudad de Gaza como la forma \u201cm\u00e1s r\u00e1pida\u201d de acabar con la guerra y derrotar a Hamas.<\/p>\n<p>La decisi\u00f3n, aprobada por el gabinete de seguridad israel\u00ed, busca tambi\u00e9n rescatar a los rehenes retenidos en el enclave. Sin embargo, Naciones Unidas y numerosos pa\u00edses, entre ellos Reino Unido, Rusia, China y Francia, han advertido que la medida podr\u00eda desencadenar otra cat\u00e1strofe humanitaria, agravando el hambre y el desplazamiento forzado de la poblaci\u00f3n.<\/p>\n<p>Miroslav Jen\u010da, alto funcionario de la ONU, alert\u00f3 que el plan tendr\u00eda repercusiones regionales y aumentar\u00eda el sufrimiento de los gazat\u00edes, mientras Ramesh Rajasingham, de la Oficina de Coordinaci\u00f3n de Asuntos Humanitarios, denunci\u00f3 que la situaci\u00f3n ya ha pasado de crisis de hambre a \u201chambruna pura y simple\u201d, con casi un centenar de ni\u00f1os muertos por desnutrici\u00f3n aguda desde octubre de 2023.<\/p>\n<p>Pese a las advertencias, Netanyahu asegura que no existe una crisis de hambruna en Gaza y responsabiliza a Hamas por la escasez de alimentos, acus\u00e1ndolo de desviar la ayuda humanitaria.<\/p>\n<p>La comunidad internacional intensifica las protestas y las cr\u00edticas contra Israel, con manifestaciones masivas en ciudades como S\u00eddney y Londres, mientras en Israel crece la presi\u00f3n interna por parte de las familias de rehenes, que han convocado a una huelga general.<\/p>\n<p>El plan militar acercar\u00eda a Israel a la ocupaci\u00f3n total de Gaza, controlando ya el 75% del territorio, aunque analistas sostienen que la estrategia podr\u00eda responder m\u00e1s a intereses pol\u00edticos internos de Netanyahu que a una planificaci\u00f3n militar efectiva.<\/p>\n","protected":false},"excerpt":{"rendered":"<p>En una conferencia de prensa dirigida a medios internacionales, el primer ministro de Israel, Benjamin Netanyahu, defendi\u00f3 la inminente toma militar de la Ciudad de Gaza como la forma \u201cm\u00e1s r\u00e1pida\u201d de acabar con la guerra y derrotar a Hamas. La decisi\u00f3n, aprobada por el gabinete de seguridad israel\u00ed, busca tambi\u00e9n rescatar a los rehenes [&hellip;]<\/p>\n","protected":false},"author":2,"featured_media":226428,"comment_status":"closed","ping_status":"closed","sticky":false,"template":"","format":"standard","meta":{"footnotes":""},"categories":[12870,182],"tags":[12865,12871],"class_list":["post-226427","post","type-post","status-publish","format-standard","has-post-thumbnail","hentry","category-destacadas","category-internacional","tag-destacadas","tag-internacional"],"jetpack_featured_media_url":"https:\/\/rnoticias.com.mx\/Portal\/wp-content\/uploads\/2025\/08\/34cfb02d730741331729b17195e04c7d.jpg","amp_enabled":true,"_links":{"self":[{"href":"https:\/\/rnoticias.com.mx\/Portal\/wp-json\/wp\/v2\/posts\/226427","targetHints":{"allow":["GET"]}}],"collection":[{"href":"https:\/\/rnoticias.com.mx\/Portal\/wp-json\/wp\/v2\/posts"}],"about":[{"href":"https:\/\/rnoticias.com.mx\/Portal\/wp-json\/wp\/v2\/types\/post"}],"author":[{"embeddable":true,"href":"https:\/\/rnoticias.com.mx\/Portal\/wp-json\/wp\/v2\/users\/2"}],"replies":[{"embeddable":true,"href":"https:\/\/rnoticias.com.mx\/Portal\/wp-json\/wp\/v2\/comments?post=226427"}],"version-history":[{"count":1,"href":"https:\/\/rnoticias.com.mx\/Portal\/wp-json\/wp\/v2\/posts\/226427\/revisions"}],"predecessor-version":[{"id":226429,"href":"https:\/\/rnoticias.com.mx\/Portal\/wp-json\/wp\/v2\/posts\/226427\/revisions\/226429"}],"wp:featuredmedia":[{"embeddable":true,"href":"https:\/\/rnoticias.com.mx\/Portal\/wp-json\/wp\/v2\/media\/226428"}],"wp:attachment":[{"href":"https:\/\/rnoticias.com.mx\/Portal\/wp-json\/wp\/v2\/media?parent=226427"}],"wp:term":[{"taxonomy":"category","embeddable":true,"href":"https:\/\/rnoticias.com.mx\/Portal\/wp-json\/wp\/v2\/categories?post=226427"},{"taxonomy":"post_tag","embeddable":true,"href":"https:\/\/rnoticias.com.mx\/Portal\/wp-json\/wp\/v2\/tags?post=226427"}],"curies":[{"name":"wp","href":"https:\/\/api.w.org\/{rel}","templated":true}]}}