{"id":226415,"date":"2025-08-11T19:53:24","date_gmt":"2025-08-12T02:53:24","guid":{"rendered":"https:\/\/rnoticias.com.mx\/Portal\/?p=226415"},"modified":"2025-08-11T19:53:24","modified_gmt":"2025-08-12T02:53:24","slug":"fge-confirma-que-muerte-de-la-maestra-jubilada-en-veracruz-fue-por-tortura","status":"publish","type":"post","link":"https:\/\/rnoticias.com.mx\/Portal\/2025\/08\/11\/fge-confirma-que-muerte-de-la-maestra-jubilada-en-veracruz-fue-por-tortura\/","title":{"rendered":"FGE confirma que muerte de la maestra jubilada en Veracruz fue por tortura"},"content":{"rendered":"<p>La\u00a0<strong>Fiscal\u00eda General del Estado de Veracruz inform\u00f3 que la muerte de la maestra jubilada de 62 a\u00f1os<\/strong>, Irma Hern\u00e1ndez Cruz, que conduc\u00eda un taxi y fue obligada por un grupo del crimen organizado a grabar un video para amenazar a otros taxistas, ocurri\u00f3 por<strong>\u00a0\u201cagresi\u00f3n, tortura y violencia ejercida durante su cautiverio\u201d el 18 de julio.<\/strong><\/p>\n<p>La fiscal de la entidad, Ver\u00f3nica Hern\u00e1ndez Giadans, apunt\u00f3 este lunes que las cuatro personas -identificadas como\u00a0<strong>Octavio \u2018N\u2019, Jeana Paola \u2018N\u2019, V\u00edctor Manuel \u2018N\u2019 y Jos\u00e9 Eduardo \u2018N\u2019-\u00a0<\/strong>permanecen en prisi\u00f3n preventiva oficiosa mientras siguen las investigaciones sobre otros posibles implicados.<\/p>\n<p>Y confirm\u00f3 que de manera inicial estas personas\u00a0<strong>&#8220;fueron detenidas por delitos contra las instituciones y delitos contra la salud&#8221;, pero &#8220;posteriormente se le imput\u00f3 el tipo penal de secuestro agravado&#8221;.<\/strong><\/p>\n<p><strong>\u201cEn el tema de la maestra Irma llevamos avances considerables, ha habido otros detenidos en la zona norte en este esfuerzo que se ha hecho con las fuerzas federales, estatales y la fiscal\u00eda del estado, que est\u00e1n siendo investigados por su presunta participaci\u00f3n\u201d,<\/strong>\u00a0destac\u00f3 en conferencia de prensa.<\/p>\n<p>La titular de la Fiscal\u00eda local agreg\u00f3 que se ha tenido comunicaci\u00f3n constante con los familiares de la maestra, desde la localizaci\u00f3n de su cuerpo sin vida &#8211;<strong>seis d\u00edas despu\u00e9s de su secuestro- hasta la reciente imputaci\u00f3n.<\/strong><\/p>\n<p>El asesinato de Hern\u00e1ndez Cruz en el municipio de \u00c1lamo Temapache (norte de Veracruz)<strong>\u00a0tuvo impacto nacional debido a que durante su secuestro se viraliz\u00f3 un video en redes sociales en el que se le observa arrodillada y rodeada por una decena de hombres armados.<\/strong><\/p>\n<p><strong>&#8220;Compa\u00f1eros taxistas, con la mafia veracruzana no se juega, paguen su cuota, como debe de ser, con ellos (&#8230;) o van a terminar como yo&#8221;,<\/strong>\u00a0 dice en el video la maestra, quien se hab\u00eda negado a pagar la cuota de extorsi\u00f3n exigida por esta banda criminal y apareci\u00f3 muerta en un racho el 24 de julio.<\/p>\n<p>Previo a esta informaci\u00f3n ofrecida por la fiscal\u00eda, la gobernadora de Veracruz,<strong>\u00a0Roc\u00edo Nahle Garc\u00eda, hab\u00eda se\u00f1alado que la muerte de Hern\u00e1ndez Cruz se debi\u00f3 a un infarto derivado de las agresiones<\/strong>\u00a0y golpes recibidos durante su secuestro, declaraci\u00f3n que respald\u00f3 el m\u00e9dico responsable de la autopsia, Jos\u00e9 Eduardo M\u00e1rquez.<\/p>\n<p>Al ser cuestionada sobre la autopsia de Hern\u00e1ndez Cruz, la fiscal respondi\u00f3 que\u00a0<strong>\u201cel dictamen cumple con todos los requisitos de ley\u201d.<\/strong><\/p>\n<p>Seg\u00fan cifras del\u00a0<strong>Secretariado Ejecutivo del Sistema Nacional de Seguridad P\u00fablica, al cierre de 2024 se acumularon 10.804 v\u00edctimas de extorsi\u00f3n en M\u00e9xico<\/strong>, en tanto que el promedio diario de incidencia fue de 29,77 v\u00edctimas en enero de 2025, lo que signific\u00f3 un alza del 57,62 % en los \u00faltimos seis a\u00f1os.<\/p>\n<p>El 10 de julio, la presidenta de M\u00e9xico,\u00a0<strong>Claudia Sheinbaum, envi\u00f3 una reforma constitucional al Congreso mexicano para combatir la extorsi\u00f3n, que se ha convertido en uno de los delitos de mayor crecimiento en el pa\u00eds<\/strong>, con el objetivo de homologar las penas y sanciones en toda la naci\u00f3n.<\/p>\n<p>&nbsp;<\/p>\n<p>Fuente: EFE<\/p>\n","protected":false},"excerpt":{"rendered":"<p>La\u00a0Fiscal\u00eda General del Estado de Veracruz inform\u00f3 que la muerte de la maestra jubilada de 62 a\u00f1os, Irma Hern\u00e1ndez Cruz, que conduc\u00eda un taxi y fue obligada por un grupo del crimen organizado a grabar un video para amenazar a otros taxistas, ocurri\u00f3 por\u00a0\u201cagresi\u00f3n, tortura y violencia ejercida durante su cautiverio\u201d el 18 de julio. [&hellip;]<\/p>\n","protected":false},"author":2,"featured_media":226416,"comment_status":"closed","ping_status":"closed","sticky":false,"template":"","format":"standard","meta":{"footnotes":""},"categories":[12870,172],"tags":[12865,12874],"class_list":["post-226415","post","type-post","status-publish","format-standard","has-post-thumbnail","hentry","category-destacadas","category-nacional","tag-destacadas","tag-nacional"],"jetpack_featured_media_url":"https:\/\/rnoticias.com.mx\/Portal\/wp-content\/uploads\/2025\/08\/crop-w1251-h938-veracruz-tortura-d09fa2d3-focus-0-0-696-464.jpg","amp_enabled":true,"_links":{"self":[{"href":"https:\/\/rnoticias.com.mx\/Portal\/wp-json\/wp\/v2\/posts\/226415","targetHints":{"allow":["GET"]}}],"collection":[{"href":"https:\/\/rnoticias.com.mx\/Portal\/wp-json\/wp\/v2\/posts"}],"about":[{"href":"https:\/\/rnoticias.com.mx\/Portal\/wp-json\/wp\/v2\/types\/post"}],"author":[{"embeddable":true,"href":"https:\/\/rnoticias.com.mx\/Portal\/wp-json\/wp\/v2\/users\/2"}],"replies":[{"embeddable":true,"href":"https:\/\/rnoticias.com.mx\/Portal\/wp-json\/wp\/v2\/comments?post=226415"}],"version-history":[{"count":1,"href":"https:\/\/rnoticias.com.mx\/Portal\/wp-json\/wp\/v2\/posts\/226415\/revisions"}],"predecessor-version":[{"id":226417,"href":"https:\/\/rnoticias.com.mx\/Portal\/wp-json\/wp\/v2\/posts\/226415\/revisions\/226417"}],"wp:featuredmedia":[{"embeddable":true,"href":"https:\/\/rnoticias.com.mx\/Portal\/wp-json\/wp\/v2\/media\/226416"}],"wp:attachment":[{"href":"https:\/\/rnoticias.com.mx\/Portal\/wp-json\/wp\/v2\/media?parent=226415"}],"wp:term":[{"taxonomy":"category","embeddable":true,"href":"https:\/\/rnoticias.com.mx\/Portal\/wp-json\/wp\/v2\/categories?post=226415"},{"taxonomy":"post_tag","embeddable":true,"href":"https:\/\/rnoticias.com.mx\/Portal\/wp-json\/wp\/v2\/tags?post=226415"}],"curies":[{"name":"wp","href":"https:\/\/api.w.org\/{rel}","templated":true}]}}