{"id":226397,"date":"2025-08-11T19:34:53","date_gmt":"2025-08-12T02:34:53","guid":{"rendered":"https:\/\/rnoticias.com.mx\/Portal\/?p=226397"},"modified":"2025-08-11T19:34:53","modified_gmt":"2025-08-12T02:34:53","slug":"invitan-a-donar-libros-para-impulsar-la-lectura-infantil","status":"publish","type":"post","link":"https:\/\/rnoticias.com.mx\/Portal\/2025\/08\/11\/invitan-a-donar-libros-para-impulsar-la-lectura-infantil\/","title":{"rendered":"Invitan a donar libros para impulsar la lectura infantil"},"content":{"rendered":"<p>Hermosillo, Sonora. Durante agosto se llevar\u00e1 a cabo la campa\u00f1a \u201cLibret\u00f3n\u201d, iniciativa que busca reunir ejemplares para ni\u00f1as y ni\u00f1os en situaci\u00f3n vulnerable.<\/p>\n<p>&nbsp;<\/p>\n<p>Mar\u00eda Paulina Mart\u00ednez Borja, impulsora de esa iniciativa, inform\u00f3 que las donaciones se destinar\u00e1n a albergues, comedores comunitarios y espacios donde se fomente la lectura.<\/p>\n<p>&nbsp;<\/p>\n<p>\u201cLa recepci\u00f3n de los libros ser\u00e1 en las oficinas de Patrocipes a un costado de la Uni\u00f3n Ganadera de Sonora de 8 de la ma\u00f1ana a 3 de la tarde o tambi\u00e9n de 6 de la tarde a 8 de la noche en la cancha del Parque Nacameri.<\/p>\n<p>El acopio incluye material nuevo o usado, en buen estado, con contenido infantil o juvenil, para edades de 3 a 14 a\u00f1os\u201d, detall\u00f3.<\/p>\n<p>&nbsp;<\/p>\n<p>A\u00f1adi\u00f3, que el prop\u00f3sito es ofrecer a la ni\u00f1ez la oportunidad de descubrir, aprender e imaginar a trav\u00e9s de las p\u00e1ginas, fortaleciendo su desarrollo y amor por la lectura.<\/p>\n<p>&nbsp;<\/p>\n<p>Finalmente, recalc\u00f3 que esa campa\u00f1a busca captar libros para beneficiar a no menos de 400 menores de 4 comedores o desayunadores que estan instalados en diferentes sectores de Hermosillo.<\/p>\n","protected":false},"excerpt":{"rendered":"<p>Hermosillo, Sonora. Durante agosto se llevar\u00e1 a cabo la campa\u00f1a \u201cLibret\u00f3n\u201d, iniciativa que busca reunir ejemplares para ni\u00f1as y ni\u00f1os en situaci\u00f3n vulnerable. &nbsp; Mar\u00eda Paulina Mart\u00ednez Borja, impulsora de esa iniciativa, inform\u00f3 que las donaciones se destinar\u00e1n a albergues, comedores comunitarios y espacios donde se fomente la lectura. &nbsp; \u201cLa recepci\u00f3n de los libros [&hellip;]<\/p>\n","protected":false},"author":2,"featured_media":226398,"comment_status":"closed","ping_status":"closed","sticky":false,"template":"","format":"standard","meta":{"footnotes":""},"categories":[12870,178],"tags":[12865,12869],"class_list":["post-226397","post","type-post","status-publish","format-standard","has-post-thumbnail","hentry","category-destacadas","category-local","tag-destacadas","tag-local"],"jetpack_featured_media_url":"https:\/\/rnoticias.com.mx\/Portal\/wp-content\/uploads\/2025\/08\/121167636550143193-guatemala-libros-ahicam.jpg","amp_enabled":true,"_links":{"self":[{"href":"https:\/\/rnoticias.com.mx\/Portal\/wp-json\/wp\/v2\/posts\/226397","targetHints":{"allow":["GET"]}}],"collection":[{"href":"https:\/\/rnoticias.com.mx\/Portal\/wp-json\/wp\/v2\/posts"}],"about":[{"href":"https:\/\/rnoticias.com.mx\/Portal\/wp-json\/wp\/v2\/types\/post"}],"author":[{"embeddable":true,"href":"https:\/\/rnoticias.com.mx\/Portal\/wp-json\/wp\/v2\/users\/2"}],"replies":[{"embeddable":true,"href":"https:\/\/rnoticias.com.mx\/Portal\/wp-json\/wp\/v2\/comments?post=226397"}],"version-history":[{"count":1,"href":"https:\/\/rnoticias.com.mx\/Portal\/wp-json\/wp\/v2\/posts\/226397\/revisions"}],"predecessor-version":[{"id":226399,"href":"https:\/\/rnoticias.com.mx\/Portal\/wp-json\/wp\/v2\/posts\/226397\/revisions\/226399"}],"wp:featuredmedia":[{"embeddable":true,"href":"https:\/\/rnoticias.com.mx\/Portal\/wp-json\/wp\/v2\/media\/226398"}],"wp:attachment":[{"href":"https:\/\/rnoticias.com.mx\/Portal\/wp-json\/wp\/v2\/media?parent=226397"}],"wp:term":[{"taxonomy":"category","embeddable":true,"href":"https:\/\/rnoticias.com.mx\/Portal\/wp-json\/wp\/v2\/categories?post=226397"},{"taxonomy":"post_tag","embeddable":true,"href":"https:\/\/rnoticias.com.mx\/Portal\/wp-json\/wp\/v2\/tags?post=226397"}],"curies":[{"name":"wp","href":"https:\/\/api.w.org\/{rel}","templated":true}]}}