{"id":226394,"date":"2025-08-11T18:31:14","date_gmt":"2025-08-12T01:31:14","guid":{"rendered":"https:\/\/rnoticias.com.mx\/Portal\/?p=226394"},"modified":"2025-08-11T18:31:14","modified_gmt":"2025-08-12T01:31:14","slug":"gobierno-de-sonora-combina-cultura-y-reforestacion-en-el-bosque-urbano-la-sauceda","status":"publish","type":"post","link":"https:\/\/rnoticias.com.mx\/Portal\/2025\/08\/11\/gobierno-de-sonora-combina-cultura-y-reforestacion-en-el-bosque-urbano-la-sauceda\/","title":{"rendered":"Gobierno de Sonora combina cultura y reforestaci\u00f3n en el Bosque Urbano La Sauceda"},"content":{"rendered":"<p align=\"justify\">Hermosillo, Sonora; 11 de agosto de 2025.\u2013 El Bosque Urbano La Sauceda vivi\u00f3 un fin de semana lleno de vida, combinando actividades ambientales, educativas y culturales que reunieron a la comunidad en un espacio de convivencia y aprendizaje.<\/p>\n<p align=\"justify\">Durante tres d\u00edas, visitantes de todas las edades participaron en charlas, talleres y jornadas de reforestaci\u00f3n con especies nativas, fortaleciendo el compromiso con el cuidado del medio ambiente y la preservaci\u00f3n de la biodiversidad.<\/p>\n<p align=\"justify\">Las actividades iniciaron el viernes 8 de agosto con la charla Econversando: \u201cCalidad del Aire\u201d, a cargo de la Ing. M\u00f3nica Gallardo, del Departamento de Cambio Clim\u00e1tico de la Comisi\u00f3n de Ecolog\u00eda y Desarrollo Sustentable del Estado de Sonora (CEDES), en la que se present\u00f3 el monitoreo ambiental que se realiza en La Sauceda para conocer la calidad del aire y su impacto ecol\u00f3gico en la ciudad.<\/p>\n<p align=\"justify\">El s\u00e1bado 9 y domingo 10 de agosto se llevaron a cabo jornadas de limpieza y reforestaci\u00f3n con especies nativas en distintas \u00e1reas del bosque, reforzando su biodiversidad y mejorando el h\u00e1bitat para flora y fauna local. El s\u00e1bado tambi\u00e9n se imparti\u00f3 un taller de cer\u00e1mica con t\u00e9cnicas tradicionales sonorenses y, por la tarde, los Peque\u00f1os Guardabosques participaron en la actividad \u201cPintando la vida del desierto\u201d, donde ni\u00f1as y ni\u00f1os conocieron y pintaron cactus utilizando materiales reciclados. La jornada cerr\u00f3 con el Club de Lectura junto a La Tribu Desquiciada, dedicado al cl\u00e1sico literario El Principito, un espacio para la reflexi\u00f3n, el di\u00e1logo y el intercambio de ideas.<\/p>\n<p align=\"justify\">El momento m\u00e1s destacado lleg\u00f3 el domingo 10 de agosto con el Domingo Chill, en el marco del D\u00eda Internacional de los Pueblos y Comunidades Ind\u00edgenas, organizado por el Gobierno de Sonora con apoyo del Instituto Sonorense de Cultura (ISC). El foro al aire libre se llen\u00f3 de poes\u00eda en lengua originaria y espa\u00f1ol, a cargo de Emilia Buitimea y otros participantes, as\u00ed como de m\u00fasica, cantos y danzas que honraron la riqueza cultural de pueblos como Mayo, Guarij\u00edo, Yaqui, Comcaac, Cucap\u00e1, Tohono O\u2019odham y Kikap\u00fa, entre otros.<\/p>\n<p align=\"justify\">La tarde tambi\u00e9n ofreci\u00f3 venta de artesan\u00edas y comida t\u00edpica, creando un ambiente festivo y de orgullo por nuestras ra\u00edces. Esta actividad busc\u00f3 visibilizar, valorar y celebrar la herencia cultural que enriquece a Sonora y a M\u00e9xico.<\/p>\n<p align=\"justify\">El Bosque Urbano La Sauceda reafirma as\u00ed su papel como un espacio vivo donde convergen el arte, la educaci\u00f3n ambiental y la cultura, invitando a la comunidad a seguir participando en sus actividades.<\/p>\n","protected":false},"excerpt":{"rendered":"<p>Hermosillo, Sonora; 11 de agosto de 2025.\u2013 El Bosque Urbano La Sauceda vivi\u00f3 un fin de semana lleno de vida, combinando actividades ambientales, educativas y culturales que reunieron a la comunidad en un espacio de convivencia y aprendizaje. Durante tres d\u00edas, visitantes de todas las edades participaron en charlas, talleres y jornadas de reforestaci\u00f3n con [&hellip;]<\/p>\n","protected":false},"author":2,"featured_media":226395,"comment_status":"closed","ping_status":"closed","sticky":false,"template":"","format":"standard","meta":{"footnotes":""},"categories":[12870,178],"tags":[12865,12869],"class_list":["post-226394","post","type-post","status-publish","format-standard","has-post-thumbnail","hentry","category-destacadas","category-local","tag-destacadas","tag-local"],"jetpack_featured_media_url":"https:\/\/rnoticias.com.mx\/Portal\/wp-content\/uploads\/2025\/08\/unnamed-2-5.jpg","amp_enabled":true,"_links":{"self":[{"href":"https:\/\/rnoticias.com.mx\/Portal\/wp-json\/wp\/v2\/posts\/226394","targetHints":{"allow":["GET"]}}],"collection":[{"href":"https:\/\/rnoticias.com.mx\/Portal\/wp-json\/wp\/v2\/posts"}],"about":[{"href":"https:\/\/rnoticias.com.mx\/Portal\/wp-json\/wp\/v2\/types\/post"}],"author":[{"embeddable":true,"href":"https:\/\/rnoticias.com.mx\/Portal\/wp-json\/wp\/v2\/users\/2"}],"replies":[{"embeddable":true,"href":"https:\/\/rnoticias.com.mx\/Portal\/wp-json\/wp\/v2\/comments?post=226394"}],"version-history":[{"count":1,"href":"https:\/\/rnoticias.com.mx\/Portal\/wp-json\/wp\/v2\/posts\/226394\/revisions"}],"predecessor-version":[{"id":226396,"href":"https:\/\/rnoticias.com.mx\/Portal\/wp-json\/wp\/v2\/posts\/226394\/revisions\/226396"}],"wp:featuredmedia":[{"embeddable":true,"href":"https:\/\/rnoticias.com.mx\/Portal\/wp-json\/wp\/v2\/media\/226395"}],"wp:attachment":[{"href":"https:\/\/rnoticias.com.mx\/Portal\/wp-json\/wp\/v2\/media?parent=226394"}],"wp:term":[{"taxonomy":"category","embeddable":true,"href":"https:\/\/rnoticias.com.mx\/Portal\/wp-json\/wp\/v2\/categories?post=226394"},{"taxonomy":"post_tag","embeddable":true,"href":"https:\/\/rnoticias.com.mx\/Portal\/wp-json\/wp\/v2\/tags?post=226394"}],"curies":[{"name":"wp","href":"https:\/\/api.w.org\/{rel}","templated":true}]}}