{"id":226361,"date":"2025-08-11T16:44:34","date_gmt":"2025-08-11T23:44:34","guid":{"rendered":"https:\/\/rnoticias.com.mx\/Portal\/?p=226361"},"modified":"2025-08-11T16:44:34","modified_gmt":"2025-08-11T23:44:34","slug":"celebra-gobierno-municipal-mes-de-la-juventud-con-el-hiking-historico","status":"publish","type":"post","link":"https:\/\/rnoticias.com.mx\/Portal\/2025\/08\/11\/celebra-gobierno-municipal-mes-de-la-juventud-con-el-hiking-historico\/","title":{"rendered":"Celebra Gobierno Municipal Mes de la Juventud con el Hiking Hist\u00f3rico"},"content":{"rendered":"<p>Hermosillo, Sonora; 11 de agosto, 2025.- El Instituto Hermosillense de la Juventud (IHJ), en colaboraci\u00f3n con la Direcci\u00f3n de Desarrollo Tur\u00edstico, invita a toda la comunidad a participar en el Hiking Hist\u00f3rico, una caminata especial que se realizar\u00e1 el pr\u00f3ximo mi\u00e9rcoles 20 de agosto para celebrar el Mes de la Juventud.<\/p>\n<p>Franco Villaescusa Carrillo, director del IHJ, coment\u00f3 que esta actividad consistir\u00e1 en una caminata por el Centro de Hermosillo, seguida de un hiking o senderismo en el emblem\u00e1tico Cerro de la Campana.<\/p>\n<p>\u201cInvitamos a no perderse esta oportunidad para disfrutar, aprender y convivir en un evento pensado para la juventud\u201d, manifest\u00f3 Villaescusa Carrillo.<\/p>\n<p>La caminata ser\u00e1 de las 19:00 a 23:30 horas, con punto de reuni\u00f3n en la Catedral de Hermosillo.<\/p>\n<p>Los menores de edad deben ir acompa\u00f1ados por adultos, ya que el recorrido es por brechas, inclinaciones y pendientes.<\/p>\n<p>Recomendaciones:<\/p>\n<p>-Vestimenta adecuada para esta actividad<br \/>\n-Botas antiderrapantes o calzado apto<br \/>\n-Pantal\u00f3n cargo<br \/>\n-Repelente para mosquitos<br \/>\n-Camisa de manga larga ultra dry<br \/>\n-L\u00e1mpara para portar en la cabeza<br \/>\n-Mochila Camelbak para 2L de agua<br \/>\n-Snacks ligeros<\/p>\n<p>Detalles del evento:<br \/>\n-Caminata hist\u00f3rica por el Centro de Hermosillo<br \/>\n-Hiking en el Cerro de la Campana<br \/>\n-Acompa\u00f1amiento de Polic\u00eda Tur\u00edstica, Atrox Outdoor y TEV Sonora.<\/p>\n","protected":false},"excerpt":{"rendered":"<p>Hermosillo, Sonora; 11 de agosto, 2025.- El Instituto Hermosillense de la Juventud (IHJ), en colaboraci\u00f3n con la Direcci\u00f3n de Desarrollo Tur\u00edstico, invita a toda la comunidad a participar en el Hiking Hist\u00f3rico, una caminata especial que se realizar\u00e1 el pr\u00f3ximo mi\u00e9rcoles 20 de agosto para celebrar el Mes de la Juventud. Franco Villaescusa Carrillo, director [&hellip;]<\/p>\n","protected":false},"author":2,"featured_media":226362,"comment_status":"closed","ping_status":"closed","sticky":false,"template":"","format":"standard","meta":{"footnotes":""},"categories":[12870,178],"tags":[12865,12869],"class_list":["post-226361","post","type-post","status-publish","format-standard","has-post-thumbnail","hentry","category-destacadas","category-local","tag-destacadas","tag-local"],"jetpack_featured_media_url":"https:\/\/rnoticias.com.mx\/Portal\/wp-content\/uploads\/2025\/08\/61f08ad6-ffeb-451d-ae98-b7458e01e877.jpg","amp_enabled":true,"_links":{"self":[{"href":"https:\/\/rnoticias.com.mx\/Portal\/wp-json\/wp\/v2\/posts\/226361","targetHints":{"allow":["GET"]}}],"collection":[{"href":"https:\/\/rnoticias.com.mx\/Portal\/wp-json\/wp\/v2\/posts"}],"about":[{"href":"https:\/\/rnoticias.com.mx\/Portal\/wp-json\/wp\/v2\/types\/post"}],"author":[{"embeddable":true,"href":"https:\/\/rnoticias.com.mx\/Portal\/wp-json\/wp\/v2\/users\/2"}],"replies":[{"embeddable":true,"href":"https:\/\/rnoticias.com.mx\/Portal\/wp-json\/wp\/v2\/comments?post=226361"}],"version-history":[{"count":1,"href":"https:\/\/rnoticias.com.mx\/Portal\/wp-json\/wp\/v2\/posts\/226361\/revisions"}],"predecessor-version":[{"id":226363,"href":"https:\/\/rnoticias.com.mx\/Portal\/wp-json\/wp\/v2\/posts\/226361\/revisions\/226363"}],"wp:featuredmedia":[{"embeddable":true,"href":"https:\/\/rnoticias.com.mx\/Portal\/wp-json\/wp\/v2\/media\/226362"}],"wp:attachment":[{"href":"https:\/\/rnoticias.com.mx\/Portal\/wp-json\/wp\/v2\/media?parent=226361"}],"wp:term":[{"taxonomy":"category","embeddable":true,"href":"https:\/\/rnoticias.com.mx\/Portal\/wp-json\/wp\/v2\/categories?post=226361"},{"taxonomy":"post_tag","embeddable":true,"href":"https:\/\/rnoticias.com.mx\/Portal\/wp-json\/wp\/v2\/tags?post=226361"}],"curies":[{"name":"wp","href":"https:\/\/api.w.org\/{rel}","templated":true}]}}