{"id":226358,"date":"2025-08-11T16:41:46","date_gmt":"2025-08-11T23:41:46","guid":{"rendered":"https:\/\/rnoticias.com.mx\/Portal\/?p=226358"},"modified":"2025-08-11T16:41:46","modified_gmt":"2025-08-11T23:41:46","slug":"jamas-permitiremos-que-ejercito-de-eeuu-pise-mexico-asevera-claudia-sheinbaum","status":"publish","type":"post","link":"https:\/\/rnoticias.com.mx\/Portal\/2025\/08\/11\/jamas-permitiremos-que-ejercito-de-eeuu-pise-mexico-asevera-claudia-sheinbaum\/","title":{"rendered":"Jam\u00e1s permitiremos que Ej\u00e9rcito de EEUU pise M\u00e9xico, asevera Claudia Sheinbaum"},"content":{"rendered":"<p>La presidenta de M\u00e9xico, Claudia Sheinbaum Pardo, asever\u00f3 que jam\u00e1s permitir\u00e1 la intervenci\u00f3n de tropas de Estados Unidos al interior del territorio mexicano.<\/p>\n<div class=\"jeg_ad jeg_ad_article jnews_content_inline_ads  \"><\/div>\n<p><em>\u201cNunca nos subordinamos y jam\u00e1s permitir\u00edamos que el Ej\u00e9rcito norteamericano o alguna otra instituci\u00f3n de los Estados Unidos pise territorio mexicano, y que en todo caso si hay un tema de una aeronave que se pide su apoyo para una cosa, se hace no es de ahora es algo que se hace de siempre en condici\u00f3n muy especial\u201d,<\/em>\u00a0agreg\u00f3 la jefa del Ejecutivo federal.<\/p>\n<p>Durante su conferencia de prensa matutina, la mandataria mexicana destac\u00f3 que siempre defender\u00e1 la soberan\u00eda del pa\u00eds.<\/p>\n<p><em>\u201cTiene que quedar muy claro a todos los mexicanos: primero, que nosotros jam\u00e1s vamos a poner en riesgo nuestra soberan\u00eda. Jam\u00e1s vamos a poner en riesgo la independencia de M\u00e9xico, un pa\u00eds libre soberano e independiente\u201d,<\/em>\u00a0expuso la gobernante.<\/p>\n<p>D\u00edas atr\u00e1s, el medio estadounidense The New York Times inform\u00f3 que el presidente de EEUU, Donald Trump, firm\u00f3 una orden secreta en donde instruye al Pent\u00e1gono a utilizar la fuerza militar contra los c\u00e1rteles del narcotr\u00e1fico.<\/p>\n","protected":false},"excerpt":{"rendered":"<p>La presidenta de M\u00e9xico, Claudia Sheinbaum Pardo, asever\u00f3 que jam\u00e1s permitir\u00e1 la intervenci\u00f3n de tropas de Estados Unidos al interior del territorio mexicano. \u201cNunca nos subordinamos y jam\u00e1s permitir\u00edamos que el Ej\u00e9rcito norteamericano o alguna otra instituci\u00f3n de los Estados Unidos pise territorio mexicano, y que en todo caso si hay un tema de una [&hellip;]<\/p>\n","protected":false},"author":2,"featured_media":226359,"comment_status":"closed","ping_status":"closed","sticky":false,"template":"","format":"standard","meta":{"footnotes":""},"categories":[12870,172],"tags":[12865,12874],"class_list":["post-226358","post","type-post","status-publish","format-standard","has-post-thumbnail","hentry","category-destacadas","category-nacional","tag-destacadas","tag-nacional"],"jetpack_featured_media_url":"https:\/\/rnoticias.com.mx\/Portal\/wp-content\/uploads\/2025\/08\/GYUULTPHSBGIJBQA3UTRCJ6HDM.jpg","amp_enabled":true,"_links":{"self":[{"href":"https:\/\/rnoticias.com.mx\/Portal\/wp-json\/wp\/v2\/posts\/226358","targetHints":{"allow":["GET"]}}],"collection":[{"href":"https:\/\/rnoticias.com.mx\/Portal\/wp-json\/wp\/v2\/posts"}],"about":[{"href":"https:\/\/rnoticias.com.mx\/Portal\/wp-json\/wp\/v2\/types\/post"}],"author":[{"embeddable":true,"href":"https:\/\/rnoticias.com.mx\/Portal\/wp-json\/wp\/v2\/users\/2"}],"replies":[{"embeddable":true,"href":"https:\/\/rnoticias.com.mx\/Portal\/wp-json\/wp\/v2\/comments?post=226358"}],"version-history":[{"count":1,"href":"https:\/\/rnoticias.com.mx\/Portal\/wp-json\/wp\/v2\/posts\/226358\/revisions"}],"predecessor-version":[{"id":226360,"href":"https:\/\/rnoticias.com.mx\/Portal\/wp-json\/wp\/v2\/posts\/226358\/revisions\/226360"}],"wp:featuredmedia":[{"embeddable":true,"href":"https:\/\/rnoticias.com.mx\/Portal\/wp-json\/wp\/v2\/media\/226359"}],"wp:attachment":[{"href":"https:\/\/rnoticias.com.mx\/Portal\/wp-json\/wp\/v2\/media?parent=226358"}],"wp:term":[{"taxonomy":"category","embeddable":true,"href":"https:\/\/rnoticias.com.mx\/Portal\/wp-json\/wp\/v2\/categories?post=226358"},{"taxonomy":"post_tag","embeddable":true,"href":"https:\/\/rnoticias.com.mx\/Portal\/wp-json\/wp\/v2\/tags?post=226358"}],"curies":[{"name":"wp","href":"https:\/\/api.w.org\/{rel}","templated":true}]}}