{"id":226355,"date":"2025-08-11T16:38:38","date_gmt":"2025-08-11T23:38:38","guid":{"rendered":"https:\/\/rnoticias.com.mx\/Portal\/?p=226355"},"modified":"2025-08-11T16:38:38","modified_gmt":"2025-08-11T23:38:38","slug":"lluvias-seguiran-presentes-en-sonora-conagua","status":"publish","type":"post","link":"https:\/\/rnoticias.com.mx\/Portal\/2025\/08\/11\/lluvias-seguiran-presentes-en-sonora-conagua\/","title":{"rendered":"Lluvias seguir\u00e1n presentes en Sonora: Conagua"},"content":{"rendered":"<div data-olk-copy-source=\"MessageBody\">Al menos hasta mitad de esta semana, se van a presentar lluvias en diversos municipios de Sonora y ello ayudar\u00e1 para mantener los valores m\u00e1ximos de temperaturas por debajo de los 45 grados en las partes m\u00e1s calurosas de la entidad, inform\u00f3 la Comisi\u00f3n Nacional del Agua (Conagua).<\/div>\n<div aria-hidden=\"true\"><\/div>\n<div><\/div>\n<div>Gilberto Lagarda V\u00e1zquez, especialista t\u00e9cnico de Conagua, manifest\u00f3 que gracias al monz\u00f3n de Norteam\u00e9rica que sigue activo, es lo que ayudar\u00e1 para que se mantengan las posibilidades de lluvias en diversas regiones de Sonora al menos hasta el mi\u00e9rcoles.<\/div>\n<div aria-hidden=\"true\"><\/div>\n<div><\/div>\n<div>Lo cual generar\u00e1 un potencial de lluvia para este d\u00eda de alrededor de un 50 por ciento para la parte oriente y norte de Sonora y para la parte centro de un 30 a un 40 por ciento en esta regi\u00f3n. Las lluvias ser\u00e1n desde ligeras a moderadas con algunas fuertes puntuales principalmente en la zona serrana\u201d, dijo.<\/div>\n<div aria-hidden=\"true\"><\/div>\n<div aria-hidden=\"true\"><\/div>\n<div>En cuanto a las temperaturas, Lagarda V\u00e1zquez indic\u00f3 que en los pr\u00f3ximos d\u00edas ciudades como San Luis R\u00edo Colorado alcanzar\u00e1 valores m\u00e1ximos los 42 a los 43 grados, Nogales de los 34 a los 36, Hermosillo de los 41 a los 42 y Cajeme de los 39 a los 41 grados cent\u00edgrados.<\/div>\n","protected":false},"excerpt":{"rendered":"<p>Al menos hasta mitad de esta semana, se van a presentar lluvias en diversos municipios de Sonora y ello ayudar\u00e1 para mantener los valores m\u00e1ximos de temperaturas por debajo de los 45 grados en las partes m\u00e1s calurosas de la entidad, inform\u00f3 la Comisi\u00f3n Nacional del Agua (Conagua). Gilberto Lagarda V\u00e1zquez, especialista t\u00e9cnico de Conagua, [&hellip;]<\/p>\n","protected":false},"author":2,"featured_media":226356,"comment_status":"closed","ping_status":"closed","sticky":false,"template":"","format":"standard","meta":{"footnotes":""},"categories":[12870,178],"tags":[12865,12869],"class_list":["post-226355","post","type-post","status-publish","format-standard","has-post-thumbnail","hentry","category-destacadas","category-local","tag-destacadas","tag-local"],"jetpack_featured_media_url":"https:\/\/rnoticias.com.mx\/Portal\/wp-content\/uploads\/2025\/08\/image_750x415_66ac180fd422d.webp","amp_enabled":true,"_links":{"self":[{"href":"https:\/\/rnoticias.com.mx\/Portal\/wp-json\/wp\/v2\/posts\/226355","targetHints":{"allow":["GET"]}}],"collection":[{"href":"https:\/\/rnoticias.com.mx\/Portal\/wp-json\/wp\/v2\/posts"}],"about":[{"href":"https:\/\/rnoticias.com.mx\/Portal\/wp-json\/wp\/v2\/types\/post"}],"author":[{"embeddable":true,"href":"https:\/\/rnoticias.com.mx\/Portal\/wp-json\/wp\/v2\/users\/2"}],"replies":[{"embeddable":true,"href":"https:\/\/rnoticias.com.mx\/Portal\/wp-json\/wp\/v2\/comments?post=226355"}],"version-history":[{"count":1,"href":"https:\/\/rnoticias.com.mx\/Portal\/wp-json\/wp\/v2\/posts\/226355\/revisions"}],"predecessor-version":[{"id":226357,"href":"https:\/\/rnoticias.com.mx\/Portal\/wp-json\/wp\/v2\/posts\/226355\/revisions\/226357"}],"wp:featuredmedia":[{"embeddable":true,"href":"https:\/\/rnoticias.com.mx\/Portal\/wp-json\/wp\/v2\/media\/226356"}],"wp:attachment":[{"href":"https:\/\/rnoticias.com.mx\/Portal\/wp-json\/wp\/v2\/media?parent=226355"}],"wp:term":[{"taxonomy":"category","embeddable":true,"href":"https:\/\/rnoticias.com.mx\/Portal\/wp-json\/wp\/v2\/categories?post=226355"},{"taxonomy":"post_tag","embeddable":true,"href":"https:\/\/rnoticias.com.mx\/Portal\/wp-json\/wp\/v2\/tags?post=226355"}],"curies":[{"name":"wp","href":"https:\/\/api.w.org\/{rel}","templated":true}]}}