{"id":226346,"date":"2025-08-11T08:33:11","date_gmt":"2025-08-11T15:33:11","guid":{"rendered":"https:\/\/rnoticias.com.mx\/Portal\/?p=226346"},"modified":"2025-08-11T08:33:11","modified_gmt":"2025-08-11T15:33:11","slug":"fgjes-obtiene-vinculacion-a-proceso-contra-imputados-por-homicidio-calificado-y-tentativa-de-homicidio","status":"publish","type":"post","link":"https:\/\/rnoticias.com.mx\/Portal\/2025\/08\/11\/fgjes-obtiene-vinculacion-a-proceso-contra-imputados-por-homicidio-calificado-y-tentativa-de-homicidio\/","title":{"rendered":"FGJES obtiene vinculaci\u00f3n a proceso contra imputados por homicidio calificado y tentativa de homicidio"},"content":{"rendered":"<p>Cajeme, Sonora, 11 de agosto de 2025.- Vinculados a proceso y en prisi\u00f3n preventiva se encuentran Ricardo \u201cN\u201d, de 28 a\u00f1os, y Juan Manuel \u201cN\u201d de 23 a quienes se les acusa por los delitos de homicidio calificado por premeditaci\u00f3n, alevos\u00eda y ventaja, as\u00ed como homicidio calificado en grado de tentativa, cr\u00edmenes cometidos en perjuicio de dos menores de edad de 15 y 14 a\u00f1os respectivamente y que se investigan como un asunto relacionado al crimen organizado y el tr\u00e1fico de sustancias.<\/p>\n<p>Los hechos ocurrieron el 6 de diciembre de 2024, alrededor de las 20:00 horas, en la v\u00eda p\u00fablica ubicada en la intersecci\u00f3n de las calles Rodolfo Campod\u00f3nico y Gabildondo Soler de la colonia Mat\u00edas M\u00e9ndez, en Ciudad Obreg\u00f3n, Sonora, donde los imputados abrieron fuego en contra de las v\u00edctimas.<\/p>\n<p>Como resultado de este ataque, se presume, terminaron privando de la vida a uno de sus objetivos; un menor de 15 a\u00f1os, logrando adem\u00e1s herir a otro menor de 14 a\u00f1os, blancos directos del ataque. No obstante, este \u00faltimo logr\u00f3 sobrevivir gracias a su oportuna reacci\u00f3n evasiva, al huir a fuerza de carrera, as\u00ed como por la pronta atenci\u00f3n m\u00e9dica que recibi\u00f3 en el hospital.<\/p>\n<p>Los Jueces en las respectivas audiencias determinaron imponer a los imputados la medida cautelar de prisi\u00f3n preventiva justificada y se les vincul\u00f3 a proceso, ahora esta Fiscal\u00eda espera lograr una sentencia condenatoria con una pena ejemplar.<\/p>\n<p>El m\u00f3vil de los hechos est\u00e1 relacionado con actividades de delincuencia organizada, lo que refleja la peligrosidad y premeditaci\u00f3n del actuar delictivo; este caso refrenda el compromiso de la FGJES con la procuraci\u00f3n de justicia, la protecci\u00f3n integral de las v\u00edctimas y sus familias, y el combate frontal a la violencia generada por grupos delictivos.<\/p>\n","protected":false},"excerpt":{"rendered":"<p>Cajeme, Sonora, 11 de agosto de 2025.- Vinculados a proceso y en prisi\u00f3n preventiva se encuentran Ricardo \u201cN\u201d, de 28 a\u00f1os, y Juan Manuel \u201cN\u201d de 23 a quienes se les acusa por los delitos de homicidio calificado por premeditaci\u00f3n, alevos\u00eda y ventaja, as\u00ed como homicidio calificado en grado de tentativa, cr\u00edmenes cometidos en perjuicio [&hellip;]<\/p>\n","protected":false},"author":2,"featured_media":226347,"comment_status":"closed","ping_status":"closed","sticky":false,"template":"","format":"standard","meta":{"footnotes":""},"categories":[12870,174],"tags":[12865,12873],"class_list":["post-226346","post","type-post","status-publish","format-standard","has-post-thumbnail","hentry","category-destacadas","category-estatal","tag-destacadas","tag-estatal"],"jetpack_featured_media_url":"https:\/\/rnoticias.com.mx\/Portal\/wp-content\/uploads\/2025\/08\/34ae7dd0-c8fa-49d1-88fd-779adf37db2b.jpg","amp_enabled":true,"_links":{"self":[{"href":"https:\/\/rnoticias.com.mx\/Portal\/wp-json\/wp\/v2\/posts\/226346","targetHints":{"allow":["GET"]}}],"collection":[{"href":"https:\/\/rnoticias.com.mx\/Portal\/wp-json\/wp\/v2\/posts"}],"about":[{"href":"https:\/\/rnoticias.com.mx\/Portal\/wp-json\/wp\/v2\/types\/post"}],"author":[{"embeddable":true,"href":"https:\/\/rnoticias.com.mx\/Portal\/wp-json\/wp\/v2\/users\/2"}],"replies":[{"embeddable":true,"href":"https:\/\/rnoticias.com.mx\/Portal\/wp-json\/wp\/v2\/comments?post=226346"}],"version-history":[{"count":1,"href":"https:\/\/rnoticias.com.mx\/Portal\/wp-json\/wp\/v2\/posts\/226346\/revisions"}],"predecessor-version":[{"id":226348,"href":"https:\/\/rnoticias.com.mx\/Portal\/wp-json\/wp\/v2\/posts\/226346\/revisions\/226348"}],"wp:featuredmedia":[{"embeddable":true,"href":"https:\/\/rnoticias.com.mx\/Portal\/wp-json\/wp\/v2\/media\/226347"}],"wp:attachment":[{"href":"https:\/\/rnoticias.com.mx\/Portal\/wp-json\/wp\/v2\/media?parent=226346"}],"wp:term":[{"taxonomy":"category","embeddable":true,"href":"https:\/\/rnoticias.com.mx\/Portal\/wp-json\/wp\/v2\/categories?post=226346"},{"taxonomy":"post_tag","embeddable":true,"href":"https:\/\/rnoticias.com.mx\/Portal\/wp-json\/wp\/v2\/tags?post=226346"}],"curies":[{"name":"wp","href":"https:\/\/api.w.org\/{rel}","templated":true}]}}