{"id":226340,"date":"2025-08-11T07:45:52","date_gmt":"2025-08-11T14:45:52","guid":{"rendered":"https:\/\/rnoticias.com.mx\/Portal\/?p=226340"},"modified":"2025-08-11T07:45:52","modified_gmt":"2025-08-11T14:45:52","slug":"maluma-interrumpe-concierto-en-mexico-para-reganar-a-fan-por-asistir-con-su-bebe","status":"publish","type":"post","link":"https:\/\/rnoticias.com.mx\/Portal\/2025\/08\/11\/maluma-interrumpe-concierto-en-mexico-para-reganar-a-fan-por-asistir-con-su-bebe\/","title":{"rendered":"Maluma interrumpe concierto en M\u00e9xico para rega\u00f1ar a fan por asistir con su beb\u00e9"},"content":{"rendered":"<p>El cantante colombiano\u00a0<strong>Maluma<\/strong>\u00a0interrumpi\u00f3 un concierto en\u00a0<strong>Ciudad de M\u00e9xico<\/strong>\u00a0para llamar la atenci\u00f3n a una fan que se encontraba entre el p\u00fablico con un beb\u00e9 de tan solo un a\u00f1o, y la rega\u00f1\u00f3 por no llevar\u00a0<strong>protecci\u00f3n auditiva<\/strong>\u00a0y que lo moviera al bailar.<\/p>\n<p>Fue durante el show que el colombiano, padre de una ni\u00f1a de a\u00f1o y medio de nombre Paris, ofreci\u00f3 en la capital mexicana este fin de semana como parte de su gira+ Pretty + Dirty World Tour.<\/p>\n<p>La reacci\u00f3n de Maluma llen\u00f3 de comentarios las redes sociales, donde se pueden ver las im\u00e1genes del momento en el que se dirige a la mujer y le pregunta, con la m\u00fasica parada, la edad del beb\u00e9.<\/p>\n<p>&#8220;Con todo el respeto, yo ya soy padre: \u00bf<strong>usted cree que es una buena idea traer a un beb\u00e9 de un a\u00f1o a un concierto<\/strong>\u00a0en el que los decibelios est\u00e1n en la puta mierda (muy altos) y el sonido est\u00e1 dur\u00edsimo?\u201d. \u201c\u00bfUsted sabe qu\u00e9 est\u00e1 haciendo aqu\u00ed? La pr\u00f3xima vez prot\u00e9jale los o\u00eddos&#8221;, le dijo mientras el p\u00fablico apoyaba con v\u00edtores sus palabras.<\/p>\n<p>El colombiano tambi\u00e9n\u00a0<strong>reproch\u00f3 a la madre el hecho de que estuviera &#8216;meneando&#8217; al peque\u00f1o &#8220;como si fuera un juguete&#8221;.<\/strong><\/p>\n<p>&#8220;<strong>Ese ni\u00f1o no quiere estar ah\u00ed, de verdad<\/strong>. Se lo digo con todo el cari\u00f1o y con todo el respeto, ya que soy pap\u00e1. Yo a Paris nunca la habr\u00eda tra\u00eddo a un concierto\u201d. \u201cPara la pr\u00f3xima, sea un poco m\u00e1s consciente, \u00bfvale?\u201d, sentenciaba el cantante antes de continuar con el concierto.<\/p>\n<p>&nbsp;<\/p>\n<p>Fuente: EFE<\/p>\n","protected":false},"excerpt":{"rendered":"<p>El cantante colombiano\u00a0Maluma\u00a0interrumpi\u00f3 un concierto en\u00a0Ciudad de M\u00e9xico\u00a0para llamar la atenci\u00f3n a una fan que se encontraba entre el p\u00fablico con un beb\u00e9 de tan solo un a\u00f1o, y la rega\u00f1\u00f3 por no llevar\u00a0protecci\u00f3n auditiva\u00a0y que lo moviera al bailar. Fue durante el show que el colombiano, padre de una ni\u00f1a de a\u00f1o y medio [&hellip;]<\/p>\n","protected":false},"author":2,"featured_media":226341,"comment_status":"closed","ping_status":"closed","sticky":false,"template":"","format":"standard","meta":{"footnotes":""},"categories":[12870,219],"tags":[12865,12875],"class_list":["post-226340","post","type-post","status-publish","format-standard","has-post-thumbnail","hentry","category-destacadas","category-espectaculos","tag-destacadas","tag-espectaculos"],"jetpack_featured_media_url":"https:\/\/rnoticias.com.mx\/Portal\/wp-content\/uploads\/2025\/08\/000900599W.jpg","amp_enabled":true,"_links":{"self":[{"href":"https:\/\/rnoticias.com.mx\/Portal\/wp-json\/wp\/v2\/posts\/226340","targetHints":{"allow":["GET"]}}],"collection":[{"href":"https:\/\/rnoticias.com.mx\/Portal\/wp-json\/wp\/v2\/posts"}],"about":[{"href":"https:\/\/rnoticias.com.mx\/Portal\/wp-json\/wp\/v2\/types\/post"}],"author":[{"embeddable":true,"href":"https:\/\/rnoticias.com.mx\/Portal\/wp-json\/wp\/v2\/users\/2"}],"replies":[{"embeddable":true,"href":"https:\/\/rnoticias.com.mx\/Portal\/wp-json\/wp\/v2\/comments?post=226340"}],"version-history":[{"count":1,"href":"https:\/\/rnoticias.com.mx\/Portal\/wp-json\/wp\/v2\/posts\/226340\/revisions"}],"predecessor-version":[{"id":226342,"href":"https:\/\/rnoticias.com.mx\/Portal\/wp-json\/wp\/v2\/posts\/226340\/revisions\/226342"}],"wp:featuredmedia":[{"embeddable":true,"href":"https:\/\/rnoticias.com.mx\/Portal\/wp-json\/wp\/v2\/media\/226341"}],"wp:attachment":[{"href":"https:\/\/rnoticias.com.mx\/Portal\/wp-json\/wp\/v2\/media?parent=226340"}],"wp:term":[{"taxonomy":"category","embeddable":true,"href":"https:\/\/rnoticias.com.mx\/Portal\/wp-json\/wp\/v2\/categories?post=226340"},{"taxonomy":"post_tag","embeddable":true,"href":"https:\/\/rnoticias.com.mx\/Portal\/wp-json\/wp\/v2\/tags?post=226340"}],"curies":[{"name":"wp","href":"https:\/\/api.w.org\/{rel}","templated":true}]}}