{"id":226337,"date":"2025-08-11T07:41:34","date_gmt":"2025-08-11T14:41:34","guid":{"rendered":"https:\/\/rnoticias.com.mx\/Portal\/?p=226337"},"modified":"2025-08-11T07:41:34","modified_gmt":"2025-08-11T14:41:34","slug":"israel-mata-al-periodista-anas-al-sharif-y-a-otros-4-en-gaza","status":"publish","type":"post","link":"https:\/\/rnoticias.com.mx\/Portal\/2025\/08\/11\/israel-mata-al-periodista-anas-al-sharif-y-a-otros-4-en-gaza\/","title":{"rendered":"Israel mata al periodista Anas al-Sharif y a otros 4 en Gaza"},"content":{"rendered":"<p>La cadena de noticias Al Jazeera inform\u00f3 este domingo que cuatro de sus\u00a0<strong>periodistas<\/strong>\u00a0fueron\u00a0<strong>asesinados<\/strong>\u00a0en bombardeo israel\u00ed en\u00a0<strong>Gaza<\/strong>, entre ellos a\u00a0<strong>Anas al<\/strong>&#8211;<strong>Sharif<\/strong>.\u00a0Horas antes, report\u00f3 el asesinato de otro, con lo que la cifra total asciende a cinco.<\/p>\n<p><strong>Al Jazeera<\/strong>\u00a0detall\u00f3 que fueron dos corresponsales y dos camar\u00f3grafos quienes perdieron la vida tras un\u00a0<strong>bombardeo israel\u00ed<\/strong>\u00a0sobre su carpa en Ciudad de Gaza el domingo, citando como fuente el director del hospital Al Shifa.<\/p>\n<p>Rami Mohanna, director administrativo de ese hospital, dijo que el ataque impact\u00f3 una tienda para periodistas de Al Jazeera fuera de los muros del\u00a0<strong>hospital<\/strong>. Junto con Al-Sharif, otros tres periodistas y un conductor murieron.<\/p>\n<p>El\u00a0<strong>ej\u00e9rcito israel\u00ed<\/strong>\u00a0lo confirm\u00f3, afirmando que al-Sharif era un &#8220;terrorista&#8221; que se &#8220;hac\u00eda pasar por periodista&#8221; y alegaba que estaba con\u00a0<strong>Ham\u00e1s<\/strong>. Israel ya hab\u00eda se\u00f1alado en varias ocasiones a al-Sharif, uno de los periodistas m\u00e1s destacados en la cobertura de la\u00a0<strong>guerra<\/strong>\u00a0de Gaza, si aunque nunca ha presentado pruebas verificables de su afiliaci\u00f3n a una milicia.<\/p>\n<p>&nbsp;<\/p>\n<p>&nbsp;<\/p>\n<p>Fuente: El Universal<\/p>\n","protected":false},"excerpt":{"rendered":"<p>La cadena de noticias Al Jazeera inform\u00f3 este domingo que cuatro de sus\u00a0periodistas\u00a0fueron\u00a0asesinados\u00a0en bombardeo israel\u00ed en\u00a0Gaza, entre ellos a\u00a0Anas al&#8211;Sharif.\u00a0Horas antes, report\u00f3 el asesinato de otro, con lo que la cifra total asciende a cinco. Al Jazeera\u00a0detall\u00f3 que fueron dos corresponsales y dos camar\u00f3grafos quienes perdieron la vida tras un\u00a0bombardeo israel\u00ed\u00a0sobre su carpa en Ciudad [&hellip;]<\/p>\n","protected":false},"author":2,"featured_media":226338,"comment_status":"closed","ping_status":"closed","sticky":false,"template":"","format":"standard","meta":{"footnotes":""},"categories":[12870,182],"tags":[12865,12871],"class_list":["post-226337","post","type-post","status-publish","format-standard","has-post-thumbnail","hentry","category-destacadas","category-internacional","tag-destacadas","tag-internacional"],"jetpack_featured_media_url":"https:\/\/rnoticias.com.mx\/Portal\/wp-content\/uploads\/2025\/08\/periodista-anas-sharif-imagen-compartida-mismo-conexion-jazeera_103.webp","amp_enabled":true,"_links":{"self":[{"href":"https:\/\/rnoticias.com.mx\/Portal\/wp-json\/wp\/v2\/posts\/226337","targetHints":{"allow":["GET"]}}],"collection":[{"href":"https:\/\/rnoticias.com.mx\/Portal\/wp-json\/wp\/v2\/posts"}],"about":[{"href":"https:\/\/rnoticias.com.mx\/Portal\/wp-json\/wp\/v2\/types\/post"}],"author":[{"embeddable":true,"href":"https:\/\/rnoticias.com.mx\/Portal\/wp-json\/wp\/v2\/users\/2"}],"replies":[{"embeddable":true,"href":"https:\/\/rnoticias.com.mx\/Portal\/wp-json\/wp\/v2\/comments?post=226337"}],"version-history":[{"count":1,"href":"https:\/\/rnoticias.com.mx\/Portal\/wp-json\/wp\/v2\/posts\/226337\/revisions"}],"predecessor-version":[{"id":226339,"href":"https:\/\/rnoticias.com.mx\/Portal\/wp-json\/wp\/v2\/posts\/226337\/revisions\/226339"}],"wp:featuredmedia":[{"embeddable":true,"href":"https:\/\/rnoticias.com.mx\/Portal\/wp-json\/wp\/v2\/media\/226338"}],"wp:attachment":[{"href":"https:\/\/rnoticias.com.mx\/Portal\/wp-json\/wp\/v2\/media?parent=226337"}],"wp:term":[{"taxonomy":"category","embeddable":true,"href":"https:\/\/rnoticias.com.mx\/Portal\/wp-json\/wp\/v2\/categories?post=226337"},{"taxonomy":"post_tag","embeddable":true,"href":"https:\/\/rnoticias.com.mx\/Portal\/wp-json\/wp\/v2\/tags?post=226337"}],"curies":[{"name":"wp","href":"https:\/\/api.w.org\/{rel}","templated":true}]}}