{"id":226303,"date":"2025-08-10T19:49:55","date_gmt":"2025-08-11T02:49:55","guid":{"rendered":"https:\/\/rnoticias.com.mx\/Portal\/?p=226303"},"modified":"2025-08-10T19:49:55","modified_gmt":"2025-08-11T02:49:55","slug":"renuncia-gonzalo-pineda-como-dt-del-atlas","status":"publish","type":"post","link":"https:\/\/rnoticias.com.mx\/Portal\/2025\/08\/10\/renuncia-gonzalo-pineda-como-dt-del-atlas\/","title":{"rendered":"Renuncia Gonzalo Pineda como DT del Atlas"},"content":{"rendered":"<p>El club mexicano\u00a0<strong>Atlas<\/strong>\u00a0despidi\u00f3 este domingo a su entrenador,\u00a0<strong>Gonzalo Pineda<\/strong>, como consecuencia de los pobres resultados en el\u00a0<strong>torneo Apertura 2025<\/strong>, en el que ocupa la d\u00e9cima posici\u00f3n.<\/p>\n<p>Seg\u00fan el comunicado, divulgado en las redes sociales, la directiva le agradece a Pineda y su cuerpo t\u00e9cnico por su compromiso, una letan\u00eda que repiten todos los equipos de la liga despu\u00e9s de despedir a su\u00a0<strong>entrenador<\/strong>. Los directivos del equipo han iniciado el proceso para designar al nuevo estratega, &#8220;con el firme objetivo de potenciar al m\u00e1ximo a nuestra plantilla&#8221;.<\/p>\n<p>&#8220;Gonzalo Pineda ha dejado de ser el\u00a0<strong>director t\u00e9cnico<\/strong>\u00a0del primer equipo varonil de Atlas FC, tras presentar su\u00a0<strong>renuncia<\/strong>\u00a0a la directiva del club. Esta decisi\u00f3n la toma con el prop\u00f3sito de permitir a la instituci\u00f3n definir un nuevo rumbo que impulse su crecimiento y fortalecimiento&#8221;, dice la nota.<\/p>\n<p>Hace unas horas el Atlas fue goleado 0-3 como local por los\u00a0<strong>Tuzos de Pachuca<\/strong>, en un partido en el que mostr\u00f3 un pobre rendimiento. Fue el quinto rev\u00e9s del equipo luego de perder por 3-1 ante el\u00a0<strong>Monterrey<\/strong>\u00a0el pasado 26 de julio y de ser derrotado en sus tres encuentros en la\u00a0<strong>Leagues Cup<\/strong>, en la que termin\u00f3 en el pen\u00faltimo lugar entre los participantes del\u00a0<strong>f\u00fatbol<\/strong>\u00a0de M\u00e9xico.<\/p>\n<p>Atlas reaparecer\u00e1 en el Apertura el pr\u00f3ximo 17 de agosto en el estadio del\u00a0<strong>Quer\u00e9taro<\/strong>, \u00faltimo en el torneo con cuatro derrotas en igual n\u00famero de salidas.<\/p>\n<p>&nbsp;<\/p>\n<p>Fuente: EFE<\/p>\n","protected":false},"excerpt":{"rendered":"<p>El club mexicano\u00a0Atlas\u00a0despidi\u00f3 este domingo a su entrenador,\u00a0Gonzalo Pineda, como consecuencia de los pobres resultados en el\u00a0torneo Apertura 2025, en el que ocupa la d\u00e9cima posici\u00f3n. Seg\u00fan el comunicado, divulgado en las redes sociales, la directiva le agradece a Pineda y su cuerpo t\u00e9cnico por su compromiso, una letan\u00eda que repiten todos los equipos de [&hellip;]<\/p>\n","protected":false},"author":2,"featured_media":226304,"comment_status":"closed","ping_status":"closed","sticky":false,"template":"","format":"standard","meta":{"footnotes":""},"categories":[188,12870],"tags":[5231,12865],"class_list":["post-226303","post","type-post","status-publish","format-standard","has-post-thumbnail","hentry","category-deportes","category-destacadas","tag-deportes","tag-destacadas"],"jetpack_featured_media_url":"https:\/\/rnoticias.com.mx\/Portal\/wp-content\/uploads\/2025\/08\/Pineda-renuncia-Atlas.webp","amp_enabled":true,"_links":{"self":[{"href":"https:\/\/rnoticias.com.mx\/Portal\/wp-json\/wp\/v2\/posts\/226303","targetHints":{"allow":["GET"]}}],"collection":[{"href":"https:\/\/rnoticias.com.mx\/Portal\/wp-json\/wp\/v2\/posts"}],"about":[{"href":"https:\/\/rnoticias.com.mx\/Portal\/wp-json\/wp\/v2\/types\/post"}],"author":[{"embeddable":true,"href":"https:\/\/rnoticias.com.mx\/Portal\/wp-json\/wp\/v2\/users\/2"}],"replies":[{"embeddable":true,"href":"https:\/\/rnoticias.com.mx\/Portal\/wp-json\/wp\/v2\/comments?post=226303"}],"version-history":[{"count":1,"href":"https:\/\/rnoticias.com.mx\/Portal\/wp-json\/wp\/v2\/posts\/226303\/revisions"}],"predecessor-version":[{"id":226305,"href":"https:\/\/rnoticias.com.mx\/Portal\/wp-json\/wp\/v2\/posts\/226303\/revisions\/226305"}],"wp:featuredmedia":[{"embeddable":true,"href":"https:\/\/rnoticias.com.mx\/Portal\/wp-json\/wp\/v2\/media\/226304"}],"wp:attachment":[{"href":"https:\/\/rnoticias.com.mx\/Portal\/wp-json\/wp\/v2\/media?parent=226303"}],"wp:term":[{"taxonomy":"category","embeddable":true,"href":"https:\/\/rnoticias.com.mx\/Portal\/wp-json\/wp\/v2\/categories?post=226303"},{"taxonomy":"post_tag","embeddable":true,"href":"https:\/\/rnoticias.com.mx\/Portal\/wp-json\/wp\/v2\/tags?post=226303"}],"curies":[{"name":"wp","href":"https:\/\/api.w.org\/{rel}","templated":true}]}}