{"id":226297,"date":"2025-08-10T19:39:33","date_gmt":"2025-08-11T02:39:33","guid":{"rendered":"https:\/\/rnoticias.com.mx\/Portal\/?p=226297"},"modified":"2025-08-10T19:39:33","modified_gmt":"2025-08-11T02:39:33","slug":"xava-drago-vocalista-de-coda-anuncia-a-sus-seguidores-que-esta-desahuciado","status":"publish","type":"post","link":"https:\/\/rnoticias.com.mx\/Portal\/2025\/08\/10\/xava-drago-vocalista-de-coda-anuncia-a-sus-seguidores-que-esta-desahuciado\/","title":{"rendered":"Xava Drago, vocalista de Coda, anuncia a sus seguidores que est\u00e1 desahuciado"},"content":{"rendered":"<div class=\"elementor-element elementor-element-a5c3739 elementor-widget elementor-widget-theme-post-content\" data-id=\"a5c3739\" data-element_type=\"widget\" data-widget_type=\"theme-post-content.default\">\n<div class=\"elementor-widget-container\">\n<p>Este s\u00e1bado, el cantante\u00a0<strong>Xava Drago<\/strong>, conocido por su rol como vocalista de la banda\u00a0<strong>Coda<\/strong>, entristeci\u00f3 a sus seguidores al confesar que\u00a0<strong>est\u00e1 desahuciado<\/strong>, pues sus doctores ya no pueden hacer nada contra\u00a0<a href=\"https:\/\/www.milenio.com\/espectaculos\/famosos\/que-es-el-cancer-de-estomago-sintomas?utm_cmp_rs=Nota%20Enlace%20Editorial\" target=\"_blank\" rel=\"noreferrer noopener nofollow\">el c\u00e1ncer que padece<\/a>; informa\u00a0<strong><em>MILENIO<\/em><\/strong>.<\/p>\n<p>A trav\u00e9s de su cuenta en Facebook, el m\u00fasico agradeci\u00f3 a familiares, amigos y fans por\u00a0<strong>su apoyo<\/strong>\u00a0<strong>en este momento tan dif\u00edcil,<\/strong>\u00a0prometiendo que pronto saldr\u00e1\u00a0<strong>\u00abmaterial que grab\u00e9 hace poco\u00bb.<\/strong><\/p>\n<h2 class=\"wp-block-heading\">\u00bfC\u00f3mo inform\u00f3 Xava Drago que est\u00e1 desahuciado?<\/h2>\n<p>En su cuenta de Facebook, Xava agradeci\u00f3 \u00aba todos los que han donado y siguen donando\u00bb para su hospitalizaci\u00f3n.<\/p>\n<p>Desafortunadamente,\u00a0<strong>\u00ablos tratamientos no funcionaron y mis doctores ya no pueden hacer nada por m\u00ed<\/strong>\u00ab.<\/p>\n<blockquote class=\"wp-block-quote is-layout-flow wp-block-quote-is-layout-flow\"><p>\u00abSolo me queda agradecer de coraz\u00f3n a mi padre; a mis hermanas, que han sido unos \u00e1ngeles; a mis sobrinos; a mis amadas Ela, Nicole y Sof\u00eda; a todos los staff y crew que trabajaron conmigo alguna vez; managers y promotores; a todos mis compa\u00f1eros artistas, por tanta buena onda\u00bb.<\/p><\/blockquote>\n<p>Pero especialmente se dirigi\u00f3 a sus fans, \u00abque han estado conmigo durante tantos a\u00f1os y se han portado como unos \u00e1ngeles\u00bb.<\/p>\n<p>Cerr\u00f3 el desgarrador mensaje diciendo que\u00a0<strong>\u00ablo \u00fanico que me queda es que pronto tendr\u00edan material que grab\u00e9 hace poco<\/strong>\u00a0y decirles gracias infinitas\u00bb.<\/p>\n<p>Por \u00faltimo, comparti\u00f3 una cuenta de banco para quienes quieran seguir apoyando su causa.<\/p>\n<figure class=\"wp-block-image aligncenter size-full\"><img loading=\"lazy\" decoding=\"async\" class=\"wp-image-8256 ic-fade-in wps-ic-loaded\" src=\"https:\/\/aguaquemada.mx\/wp-content\/uploads\/el-mensaje-que-compartio-en.webp\" sizes=\"auto, (max-width: 618px) 100vw, 618px\" srcset=\"https:\/\/aguaquemada.mx\/wp-content\/uploads\/el-mensaje-que-compartio-en.webp 618w, https:\/\/aguaquemada.mx\/wp-content\/uploads\/el-mensaje-que-compartio-en-300x224.webp 300w\" alt=\"\" width=\"618\" height=\"462\" data-adaptive=\"false\" data-src=\"https:\/\/aguaquemada.mx\/wp-content\/uploads\/el-mensaje-que-compartio-en.webp\" data-count-lazy=\"5\" \/><figcaption class=\"wp-element-caption\"><\/figcaption><\/figure>\n<h2 class=\"wp-block-heading\">\u00bfQu\u00e9 tipo de c\u00e1ncer tiene el vocalista de Coda?<\/h2>\n<p>El\u00a0<strong>c\u00e1ncer de est\u00f3mago, que padece el vocalista de Coda<\/strong>, es \u00abuna enfermedad que muchas veces no se detecta hasta que sus s\u00edntomas son graves e incluso \u00e9ste se ha propagado a otras partes del cuerpo\u00bb, seg\u00fan la American Cancer Society.<\/p>\n<p>Por su parte, la Mayo Clinic resalta que la enfermedad en s\u00ed se trata de \u00abun crecimiento de c\u00e9lulas en la parte media del abdomen (que es donde se encuentra el est\u00f3mago)\u00bb, e incluso la enfermedad se puede desarrollar en cualquier parte de este importante \u00f3rgano encargado de descomponer y digerir los alimentos.<\/p>\n<blockquote class=\"wp-block-quote is-layout-flow wp-block-quote-is-layout-flow\"><p>\u00abEn los Estados Unidos, el c\u00e1ncer de est\u00f3mago tiene m\u00e1s probabilidades de comenzar junto a la uni\u00f3n gastroesof\u00e1gica. Esta es la parte donde el conducto largo por el que pasa el alimento que ingieres se une al est\u00f3mago\u00bb, enfatiza la instituci\u00f3n m\u00e9dica.<\/p><\/blockquote>\n<p>&nbsp;<\/p>\n<\/div>\n<\/div>\n<div class=\"elementor-element elementor-element-4ccbd0ed e-con-full e-flex e-con e-child\" data-id=\"4ccbd0ed\" data-element_type=\"container\">\n<div class=\"elementor-element elementor-element-3c0ccd4d elementor-widget elementor-widget-heading\" data-id=\"3c0ccd4d\" data-element_type=\"widget\" data-widget_type=\"heading.default\">\n<div class=\"elementor-widget-container\">\n<p class=\"elementor-heading-title elementor-size-default\">Fuente: Con informaci\u00f3n de MILENIO<\/p>\n<\/div>\n<\/div>\n<\/div>\n","protected":false},"excerpt":{"rendered":"<p>Este s\u00e1bado, el cantante\u00a0Xava Drago, conocido por su rol como vocalista de la banda\u00a0Coda, entristeci\u00f3 a sus seguidores al confesar que\u00a0est\u00e1 desahuciado, pues sus doctores ya no pueden hacer nada contra\u00a0el c\u00e1ncer que padece; informa\u00a0MILENIO. A trav\u00e9s de su cuenta en Facebook, el m\u00fasico agradeci\u00f3 a familiares, amigos y fans por\u00a0su apoyo\u00a0en este momento tan [&hellip;]<\/p>\n","protected":false},"author":2,"featured_media":226298,"comment_status":"closed","ping_status":"closed","sticky":false,"template":"","format":"standard","meta":{"footnotes":""},"categories":[12870,219],"tags":[12865,12875],"class_list":["post-226297","post","type-post","status-publish","format-standard","has-post-thumbnail","hentry","category-destacadas","category-espectaculos","tag-destacadas","tag-espectaculos"],"jetpack_featured_media_url":"https:\/\/rnoticias.com.mx\/Portal\/wp-content\/uploads\/2025\/08\/977.webp","amp_enabled":true,"_links":{"self":[{"href":"https:\/\/rnoticias.com.mx\/Portal\/wp-json\/wp\/v2\/posts\/226297","targetHints":{"allow":["GET"]}}],"collection":[{"href":"https:\/\/rnoticias.com.mx\/Portal\/wp-json\/wp\/v2\/posts"}],"about":[{"href":"https:\/\/rnoticias.com.mx\/Portal\/wp-json\/wp\/v2\/types\/post"}],"author":[{"embeddable":true,"href":"https:\/\/rnoticias.com.mx\/Portal\/wp-json\/wp\/v2\/users\/2"}],"replies":[{"embeddable":true,"href":"https:\/\/rnoticias.com.mx\/Portal\/wp-json\/wp\/v2\/comments?post=226297"}],"version-history":[{"count":1,"href":"https:\/\/rnoticias.com.mx\/Portal\/wp-json\/wp\/v2\/posts\/226297\/revisions"}],"predecessor-version":[{"id":226299,"href":"https:\/\/rnoticias.com.mx\/Portal\/wp-json\/wp\/v2\/posts\/226297\/revisions\/226299"}],"wp:featuredmedia":[{"embeddable":true,"href":"https:\/\/rnoticias.com.mx\/Portal\/wp-json\/wp\/v2\/media\/226298"}],"wp:attachment":[{"href":"https:\/\/rnoticias.com.mx\/Portal\/wp-json\/wp\/v2\/media?parent=226297"}],"wp:term":[{"taxonomy":"category","embeddable":true,"href":"https:\/\/rnoticias.com.mx\/Portal\/wp-json\/wp\/v2\/categories?post=226297"},{"taxonomy":"post_tag","embeddable":true,"href":"https:\/\/rnoticias.com.mx\/Portal\/wp-json\/wp\/v2\/tags?post=226297"}],"curies":[{"name":"wp","href":"https:\/\/api.w.org\/{rel}","templated":true}]}}