{"id":226294,"date":"2025-08-10T19:38:05","date_gmt":"2025-08-11T02:38:05","guid":{"rendered":"https:\/\/rnoticias.com.mx\/Portal\/?p=226294"},"modified":"2025-08-10T19:38:05","modified_gmt":"2025-08-11T02:38:05","slug":"amplia-tono-astiazaran-a-22-los-sensores-para-medir-calidad-del-aire-en-hermosillo","status":"publish","type":"post","link":"https:\/\/rnoticias.com.mx\/Portal\/2025\/08\/10\/amplia-tono-astiazaran-a-22-los-sensores-para-medir-calidad-del-aire-en-hermosillo\/","title":{"rendered":"Ampl\u00eda To\u00f1o Astiazar\u00e1n a 22 los sensores para medir calidad del aire en Hermosillo"},"content":{"rendered":"<p><b data-olk-copy-source=\"MessageBody\">Hermosillo, Sonora; 10 de agosto de 2025.-<\/b>\u00a0Con la presentaci\u00f3n de las diez nuevas ubicaciones de sensores de la red de monitoreo de calidad del aire que se suman a los 12 existentes, el presidente municipal Antonio Astiazar\u00e1n Guti\u00e9rrez, encabez\u00f3 la primera sesi\u00f3n ordinaria del Comit\u00e9 de Monitoreo de Calidad del Aire de Hermosillo.<\/p>\n<p aria-hidden=\"true\">\n<p>En la reuni\u00f3n se aprob\u00f3 el Programa de Gesti\u00f3n para Mejorar la Calidad del Aire de la ciudad de Hermosillo (REMAH).<\/p>\n<p aria-hidden=\"true\">\n<p>\u201cMe da mucho gusto, en verdad, no s\u00f3lo ser testigo del nacimiento de este comit\u00e9 que hoy ya es una realidad, sino sobre todo de las aportaciones de gente tan experimentada y conocedora de las diferentes instituciones de educaci\u00f3n superior, por supuesto de quienes nos acompa\u00f1an de otros niveles de gobierno como Proaes, como el Instituto del Medio Ambiente, en fin, todas las \u00e1reas que est\u00e1n involucradas, en verdad agradecerles mucho su presencia y su colaboraci\u00f3n\u201d, coment\u00f3.<\/p>\n<p aria-hidden=\"true\">\n<p>Astiazar\u00e1n Guti\u00e9rrez destac\u00f3 que el Gobierno Municipal est\u00e1 realmente comprometido con esta causa por el bienestar y la salud de todas las familias hermosillenses.<\/p>\n<p aria-hidden=\"true\">\n<p>El REMAH consiste en implementar un sistema integral de monitoreo y seguimiento de la calidad del aire en Hermosillo, para evaluar contaminantes clave, generar alertas tempranas y promover acciones para la mejora del aire y la salud p\u00fablica, con la participaci\u00f3n de todos los sectores de la sociedad.<\/p>\n<p aria-hidden=\"true\">\n<p>Los ejes estrat\u00e9gicos del programa son: Prevenci\u00f3n y control de contaminantes atmosf\u00e9ricos; Gobernanza ambiental y coordinaci\u00f3n interinstitucional; Comunicaci\u00f3n del riesgo y participaci\u00f3n ciudadana; Generaci\u00f3n y gesti\u00f3n de informaci\u00f3n cient\u00edfica; y Enfoque de equidad, salud p\u00fablica y justicia ambiental.<\/p>\n<p aria-hidden=\"true\">\n<p>Hermosillo ya cuenta con doce sensores de monitoreo de calidad del aire, y los nuevos diez estar\u00e1n ubicados en el Poblado Miguel Alem\u00e1n, La Victoria, San Pedro, Palo Verde, Villa Bonita, Altares, El Mariachi, Balderrama, Puerta Real y en la intersecci\u00f3n de Morelos y Progreso.<\/p>\n<p aria-hidden=\"true\">\n<p>El Comit\u00e9 qued\u00f3 constituido el 13 de mayo de 2025. Es presidido por el presidente municipal Antonio Astiazar\u00e1n y su secretaria t\u00e9cnica es la directora general de la Agencia de Energ\u00eda y Cambio Clim\u00e1tico, Carla Neudert.<\/p>\n<p aria-hidden=\"true\">\n<p>Est\u00e1 conformado por representantes de instituciones municipales, estatales y federales, as\u00ed como miembros de la ciudadan\u00eda, de la academia, del sector energ\u00eda y transporte, consultores ambientales y asociaciones de la sociedad civil.<\/p>\n<p aria-hidden=\"true\">\n<p>El Comit\u00e9 se alimenta de datos aportados por las investigaciones de las instituciones acad\u00e9micas de la ciudad y a trav\u00e9s del monitoreo del REMAH, una red que pronto contar\u00e1 con 22 sensores distribuidos por el municipio.<\/p>\n<p aria-hidden=\"true\">\n<p><b>DETALLES DE SENSORES DE CALIDAD DEL AIRE:<\/b><\/p>\n<p aria-hidden=\"true\">\n<p><b>Ubicaci\u00f3n actuales:<\/b><\/p>\n<p>-Pueblitos<\/p>\n<p>-UES<\/p>\n<p>-COBACH Reforma<\/p>\n<p>-Pante\u00f3n Y\u00e1\u00f1ez<\/p>\n<p>-C\u00e1rcamo<\/p>\n<p>-Deportivo Nacameri<\/p>\n<p>-La Manga<\/p>\n<p>-COBACH California<\/p>\n<p>-Palma Dorada<\/p>\n<p>-Dunas<\/p>\n<p>-Milla Unison<\/p>\n<p>-Milla Sur-Ecol\u00f3gico<\/p>\n<p aria-hidden=\"true\">\n<p><b>Nuevas ubicaciones:<\/b><\/p>\n<p>-Poblado Miguel Alem\u00e1n<\/p>\n<p>-La Victoria<\/p>\n<p>-San Pedro<\/p>\n<p>-Palo Verde<\/p>\n<p>-Villa Bonita<\/p>\n<p>-Altares<\/p>\n<p>-El Mariachi<\/p>\n<p>-Balderrama<\/p>\n<p>-Puerta Real<\/p>\n<p>-Intersecci\u00f3n de Morelos y Progreso<\/p>\n","protected":false},"excerpt":{"rendered":"<p>Hermosillo, Sonora; 10 de agosto de 2025.-\u00a0Con la presentaci\u00f3n de las diez nuevas ubicaciones de sensores de la red de monitoreo de calidad del aire que se suman a los 12 existentes, el presidente municipal Antonio Astiazar\u00e1n Guti\u00e9rrez, encabez\u00f3 la primera sesi\u00f3n ordinaria del Comit\u00e9 de Monitoreo de Calidad del Aire de Hermosillo. En la [&hellip;]<\/p>\n","protected":false},"author":2,"featured_media":226295,"comment_status":"closed","ping_status":"closed","sticky":false,"template":"","format":"standard","meta":{"footnotes":""},"categories":[12870,178],"tags":[12865,12869],"class_list":["post-226294","post","type-post","status-publish","format-standard","has-post-thumbnail","hentry","category-destacadas","category-local","tag-destacadas","tag-local"],"jetpack_featured_media_url":"https:\/\/rnoticias.com.mx\/Portal\/wp-content\/uploads\/2025\/08\/7555.jpg","amp_enabled":true,"_links":{"self":[{"href":"https:\/\/rnoticias.com.mx\/Portal\/wp-json\/wp\/v2\/posts\/226294","targetHints":{"allow":["GET"]}}],"collection":[{"href":"https:\/\/rnoticias.com.mx\/Portal\/wp-json\/wp\/v2\/posts"}],"about":[{"href":"https:\/\/rnoticias.com.mx\/Portal\/wp-json\/wp\/v2\/types\/post"}],"author":[{"embeddable":true,"href":"https:\/\/rnoticias.com.mx\/Portal\/wp-json\/wp\/v2\/users\/2"}],"replies":[{"embeddable":true,"href":"https:\/\/rnoticias.com.mx\/Portal\/wp-json\/wp\/v2\/comments?post=226294"}],"version-history":[{"count":1,"href":"https:\/\/rnoticias.com.mx\/Portal\/wp-json\/wp\/v2\/posts\/226294\/revisions"}],"predecessor-version":[{"id":226296,"href":"https:\/\/rnoticias.com.mx\/Portal\/wp-json\/wp\/v2\/posts\/226294\/revisions\/226296"}],"wp:featuredmedia":[{"embeddable":true,"href":"https:\/\/rnoticias.com.mx\/Portal\/wp-json\/wp\/v2\/media\/226295"}],"wp:attachment":[{"href":"https:\/\/rnoticias.com.mx\/Portal\/wp-json\/wp\/v2\/media?parent=226294"}],"wp:term":[{"taxonomy":"category","embeddable":true,"href":"https:\/\/rnoticias.com.mx\/Portal\/wp-json\/wp\/v2\/categories?post=226294"},{"taxonomy":"post_tag","embeddable":true,"href":"https:\/\/rnoticias.com.mx\/Portal\/wp-json\/wp\/v2\/tags?post=226294"}],"curies":[{"name":"wp","href":"https:\/\/api.w.org\/{rel}","templated":true}]}}