{"id":226291,"date":"2025-08-10T19:35:57","date_gmt":"2025-08-11T02:35:57","guid":{"rendered":"https:\/\/rnoticias.com.mx\/Portal\/?p=226291"},"modified":"2025-08-10T19:35:57","modified_gmt":"2025-08-11T02:35:57","slug":"realizan-mural-colectivo-en-el-centro-de-economia-circular","status":"publish","type":"post","link":"https:\/\/rnoticias.com.mx\/Portal\/2025\/08\/10\/realizan-mural-colectivo-en-el-centro-de-economia-circular\/","title":{"rendered":"Realizan mural colectivo en el Centro de Econom\u00eda Circular"},"content":{"rendered":"<p><b data-olk-copy-source=\"MessageBody\">Hermosillo, Sonora; 10 de agosto, 2025.-\u00a0<\/b>En busca de plasmar, a trav\u00e9s del arte, valores de comunidad y conciencia ambiental, las y los ciudadanos participaron en la creaci\u00f3n de un mural colectivo en el Centro de Econom\u00eda Circular (CEC), sede del programa Biciclando, dedicado al reciclaje y al autoempleo para mujeres.<\/p>\n<p aria-hidden=\"true\">\n<p>La jornada cont\u00f3 con la colaboraci\u00f3n de Francisco M\u00e9ndez, integrante del colectivo Sangre del Desierto, reconocido por embellecer la ciudad con arte urbano inspirado en la flora y fauna de la regi\u00f3n.<\/p>\n<p aria-hidden=\"true\">\n<p>\u201cTratamos de que los temas que pintamos sean culturales y que tengan que ver con la flora y fauna de Sonora, para crear conciencia sobre la preservaci\u00f3n de nuestras especies. En esta ocasi\u00f3n, logramos una gran mancuerna y construimos un dise\u00f1o en conjunto\u201d, se\u00f1al\u00f3 M\u00e9ndez.<\/p>\n<p aria-hidden=\"true\">\n<p>Por parte de Biciclando, Mari Carmen Tamayo, analista comunitaria, destac\u00f3 que el mural es una extensi\u00f3n de la labor diaria del programa.<\/p>\n<p aria-hidden=\"true\">\n<p>\u201cEsta iniciativa nace de nuestro compromiso por generar empleos verdes para mujeres. Ellas, a trav\u00e9s de bicicletas electroasistidas, recolectan residuos reciclables y, con el ingreso obtenido, sostienen el proyecto y apoyan a sus familias, mencion\u00f3.<\/p>\n<p aria-hidden=\"true\">\n<p>Destac\u00f3 que es su primer mural colectivo en el CEC donde quisieron que la comunidad participara, debido a que es parte fundamental de la implementaci\u00f3n del proyecto.<\/p>\n","protected":false},"excerpt":{"rendered":"<p>Hermosillo, Sonora; 10 de agosto, 2025.-\u00a0En busca de plasmar, a trav\u00e9s del arte, valores de comunidad y conciencia ambiental, las y los ciudadanos participaron en la creaci\u00f3n de un mural colectivo en el Centro de Econom\u00eda Circular (CEC), sede del programa Biciclando, dedicado al reciclaje y al autoempleo para mujeres. La jornada cont\u00f3 con la [&hellip;]<\/p>\n","protected":false},"author":2,"featured_media":226292,"comment_status":"closed","ping_status":"closed","sticky":false,"template":"","format":"standard","meta":{"footnotes":""},"categories":[12870,178],"tags":[12865,12869],"class_list":["post-226291","post","type-post","status-publish","format-standard","has-post-thumbnail","hentry","category-destacadas","category-local","tag-destacadas","tag-local"],"jetpack_featured_media_url":"https:\/\/rnoticias.com.mx\/Portal\/wp-content\/uploads\/2025\/08\/descarga.png","amp_enabled":true,"_links":{"self":[{"href":"https:\/\/rnoticias.com.mx\/Portal\/wp-json\/wp\/v2\/posts\/226291","targetHints":{"allow":["GET"]}}],"collection":[{"href":"https:\/\/rnoticias.com.mx\/Portal\/wp-json\/wp\/v2\/posts"}],"about":[{"href":"https:\/\/rnoticias.com.mx\/Portal\/wp-json\/wp\/v2\/types\/post"}],"author":[{"embeddable":true,"href":"https:\/\/rnoticias.com.mx\/Portal\/wp-json\/wp\/v2\/users\/2"}],"replies":[{"embeddable":true,"href":"https:\/\/rnoticias.com.mx\/Portal\/wp-json\/wp\/v2\/comments?post=226291"}],"version-history":[{"count":1,"href":"https:\/\/rnoticias.com.mx\/Portal\/wp-json\/wp\/v2\/posts\/226291\/revisions"}],"predecessor-version":[{"id":226293,"href":"https:\/\/rnoticias.com.mx\/Portal\/wp-json\/wp\/v2\/posts\/226291\/revisions\/226293"}],"wp:featuredmedia":[{"embeddable":true,"href":"https:\/\/rnoticias.com.mx\/Portal\/wp-json\/wp\/v2\/media\/226292"}],"wp:attachment":[{"href":"https:\/\/rnoticias.com.mx\/Portal\/wp-json\/wp\/v2\/media?parent=226291"}],"wp:term":[{"taxonomy":"category","embeddable":true,"href":"https:\/\/rnoticias.com.mx\/Portal\/wp-json\/wp\/v2\/categories?post=226291"},{"taxonomy":"post_tag","embeddable":true,"href":"https:\/\/rnoticias.com.mx\/Portal\/wp-json\/wp\/v2\/tags?post=226291"}],"curies":[{"name":"wp","href":"https:\/\/api.w.org\/{rel}","templated":true}]}}