{"id":226285,"date":"2025-08-10T19:28:03","date_gmt":"2025-08-11T02:28:03","guid":{"rendered":"https:\/\/rnoticias.com.mx\/Portal\/?p=226285"},"modified":"2025-08-10T19:28:03","modified_gmt":"2025-08-11T02:28:03","slug":"formalizan-gobierno-de-sonora-y-fundacion-alberto-bailleres-alianza-a-favor-de-la-educacion-sec","status":"publish","type":"post","link":"https:\/\/rnoticias.com.mx\/Portal\/2025\/08\/10\/formalizan-gobierno-de-sonora-y-fundacion-alberto-bailleres-alianza-a-favor-de-la-educacion-sec\/","title":{"rendered":"Formalizan Gobierno de Sonora y Fundaci\u00f3n Alberto Baill\u00e8res alianza a favor de la educaci\u00f3n: SEC"},"content":{"rendered":"<p>Hermosillo, Sonora; 10 de agosto de 2025.- Para establecer las bases de una transformaci\u00f3n profunda en la educaci\u00f3n, impulsada por un modelo social que involucre a todos los actores de la comunidad, el Gobierno de Sonora, a trav\u00e9s de la Secretar\u00eda de Educaci\u00f3n y Cultura (SEC), formaliz\u00f3 una alianza con la Fundaci\u00f3n Alberto Baill\u00e8res.<\/p>\n<p>Con la firma del convenio espec\u00edfico de colaboraci\u00f3n, se avanza en la consolidaci\u00f3n del proyecto H\u00e1bitat Educativo Caborca, el cual beneficiar\u00e1 a m\u00e1s de dos mil estudiantes y 115 figuras educativas de nivel b\u00e1sico y medio superior de la localidad de Plutarco El\u00edas Calles (La Y Griega), as\u00ed como de poblaciones aleda\u00f1as, cuyas familias trabajan principalmente en la agricultura.<\/p>\n<p>El titular de la SEC, Froyl\u00e1n G\u00e1mez Gamboa, resalt\u00f3 que se trata de una alianza que transforma el rumbo educativo en Sonora, ya que dar\u00e1 paso a nuevas historias de \u00e9xito desde las aulas, haciendo posible la visi\u00f3n en materia de educaci\u00f3n que impulsa el gobernador Alfonso Durazo.<\/p>\n<p>Agradeci\u00f3 la colaboraci\u00f3n de Rosa Isela Gluyas Fitch, directora general de la Fundaci\u00f3n Alberto Baill\u00e8res; del alcalde de Caborca, Abraham Mier Nogales; as\u00ed como de David Guillermo Pintor Hern\u00e1ndez, coordinador ejecutivo del Instituto Sonorense de Infraestructura Educativa (ISIE), y de Rita Olivia Burgos Villaescusa, coordinadora estatal del Centro de Prevenci\u00f3n del Delito y Participaci\u00f3n Ciudadana de la Secretar\u00eda de Seguridad P\u00fablica.<\/p>\n<p>Con el H\u00e1bitat Educativo Caborca, el primero de su tipo en el norte del pa\u00eds y cuya construcci\u00f3n se contempla iniciar pr\u00f3ximamente, se impulsa la creaci\u00f3n de espacios propicios para el bienestar y el desarrollo de todas las personas, a trav\u00e9s de la cooperaci\u00f3n y la b\u00fasqueda del bienestar colectivo.<\/p>\n","protected":false},"excerpt":{"rendered":"<p>Hermosillo, Sonora; 10 de agosto de 2025.- Para establecer las bases de una transformaci\u00f3n profunda en la educaci\u00f3n, impulsada por un modelo social que involucre a todos los actores de la comunidad, el Gobierno de Sonora, a trav\u00e9s de la Secretar\u00eda de Educaci\u00f3n y Cultura (SEC), formaliz\u00f3 una alianza con la Fundaci\u00f3n Alberto Baill\u00e8res. Con [&hellip;]<\/p>\n","protected":false},"author":2,"featured_media":226286,"comment_status":"closed","ping_status":"closed","sticky":false,"template":"","format":"standard","meta":{"footnotes":""},"categories":[178],"tags":[12869],"class_list":["post-226285","post","type-post","status-publish","format-standard","has-post-thumbnail","hentry","category-local","tag-local"],"jetpack_featured_media_url":"https:\/\/rnoticias.com.mx\/Portal\/wp-content\/uploads\/2025\/08\/232-1.jpg","amp_enabled":true,"_links":{"self":[{"href":"https:\/\/rnoticias.com.mx\/Portal\/wp-json\/wp\/v2\/posts\/226285","targetHints":{"allow":["GET"]}}],"collection":[{"href":"https:\/\/rnoticias.com.mx\/Portal\/wp-json\/wp\/v2\/posts"}],"about":[{"href":"https:\/\/rnoticias.com.mx\/Portal\/wp-json\/wp\/v2\/types\/post"}],"author":[{"embeddable":true,"href":"https:\/\/rnoticias.com.mx\/Portal\/wp-json\/wp\/v2\/users\/2"}],"replies":[{"embeddable":true,"href":"https:\/\/rnoticias.com.mx\/Portal\/wp-json\/wp\/v2\/comments?post=226285"}],"version-history":[{"count":1,"href":"https:\/\/rnoticias.com.mx\/Portal\/wp-json\/wp\/v2\/posts\/226285\/revisions"}],"predecessor-version":[{"id":226287,"href":"https:\/\/rnoticias.com.mx\/Portal\/wp-json\/wp\/v2\/posts\/226285\/revisions\/226287"}],"wp:featuredmedia":[{"embeddable":true,"href":"https:\/\/rnoticias.com.mx\/Portal\/wp-json\/wp\/v2\/media\/226286"}],"wp:attachment":[{"href":"https:\/\/rnoticias.com.mx\/Portal\/wp-json\/wp\/v2\/media?parent=226285"}],"wp:term":[{"taxonomy":"category","embeddable":true,"href":"https:\/\/rnoticias.com.mx\/Portal\/wp-json\/wp\/v2\/categories?post=226285"},{"taxonomy":"post_tag","embeddable":true,"href":"https:\/\/rnoticias.com.mx\/Portal\/wp-json\/wp\/v2\/tags?post=226285"}],"curies":[{"name":"wp","href":"https:\/\/api.w.org\/{rel}","templated":true}]}}