{"id":226282,"date":"2025-08-10T19:27:20","date_gmt":"2025-08-11T02:27:20","guid":{"rendered":"https:\/\/rnoticias.com.mx\/Portal\/?p=226282"},"modified":"2025-08-10T19:27:20","modified_gmt":"2025-08-11T02:27:20","slug":"gobernador-durazo-respalda-economia-de-familias-sonorenses-con-bazar-escolar-2025","status":"publish","type":"post","link":"https:\/\/rnoticias.com.mx\/Portal\/2025\/08\/10\/gobernador-durazo-respalda-economia-de-familias-sonorenses-con-bazar-escolar-2025\/","title":{"rendered":"Gobernador Durazo respalda econom\u00eda de familias sonorenses con Bazar Escolar 2025"},"content":{"rendered":"<p>Hermosillo, Sonora; 10 de agosto de 2025.- Con el objetivo de contribuir a la econom\u00eda de las familias, especialmente las que se encuentran en situaci\u00f3n vulnerable, el Gobierno de Sonora, encabezado por Alfonso Durazo Monta\u00f1o dio inicio al Bazar Escolar 2025, en el Gimnasio Polifuncional Ana Gabriela Guevara.<\/p>\n<p>En este primer d\u00eda del Bazar Escolar estuvo presente Roc\u00edo Ch\u00e1vez Murillo, presidenta honoraria del Sistema DIF Sonora, quien, junto con funcionarias y funcionarios del gobierno estatal realiz\u00f3 un recorrido por los distintos stands para conocer de cerca los productos ofrecidos a las familias asistentes.<\/p>\n<p>Durante este evento con causa, organizado por el Sistema DIF Sonora y la Unidad de Enlace con el Voluntariado, participaron m\u00e1s de 38 grupos de voluntarios de dependencias del gobierno del estado, quienes ofrecieron art\u00edculos escolares como cuadernos, l\u00e1pices, colores, tijeras y mochilas, a precios accesibles y se cont\u00f3 tambi\u00e9n con servicios gratuitos como registro civil, corte de cabello para ni\u00f1as y ni\u00f1os, valoraciones de la vista con adaptaci\u00f3n de lentes, credencializaci\u00f3n para transporte p\u00fablico y amenidades para la ni\u00f1ez asistente.<\/p>\n<p>En esta jornada, Paulina Oca\u00f1a, jefa del Ejecutivo estatal, destac\u00f3 que gracias al compromiso del gobernador Alfonso Durazo Monta\u00f1o con las y los estudiantes sonorenses, adem\u00e1s de becas, desayunos escolares, uniformes gratuitos, entre otros programas, el objetivo de este Bazar Escolar es apoyar a la econom\u00eda familiar de quienes m\u00e1s lo necesitan.<\/p>\n<p>&#8220;Queremos que el regreso a clases no sea un peso perdido en el bolsillo de cada una de las familias, sabemos lo que les cuesta, y sobretodo nuestro gobernador es sensible a cada una de sus necesidades. Esta es una oportunidad para ahorrar, para prepararse y para recibir el nuevo ciclo escolar con esperanza&#8221;, expres\u00f3.<\/p>\n<p>Por su parte, Lizeth V\u00e1squez, directora general del Sistema DIF Sonora, inform\u00f3 que por segundo a\u00f1o consecutivo se est\u00e1n realizando dos bazares escolares, pues el siguiente s\u00e1bado 16 de agosto se llevar\u00e1 a cabo otro Bazar Escolar en las instalaciones del Pabell\u00f3n Pelota en el Centro de Usos M\u00faltiples (CUM), con ello, familias del norte de Hermosillo podr\u00e1n beneficiarse tambi\u00e9n con \u00fatiles escolares.<\/p>\n<p>Entre las y los beneficiados de este Bazar Escolar 2025 se encontr\u00f3 Alberto Arenas, quien, junto a su familia por tercer a\u00f1o consecutivo, aprovech\u00f3 este evento para comprar todo lo necesario para el regreso a clases.<\/p>\n<p>\u201cNos ayuda mucho porque tenemos cuatro ni\u00f1os, tres en secundaria y uno en primaria. Me parece muy bien, que lo sigan haciendo. Est\u00e1 muy bien, los precios muy accesibles&#8221;, destac\u00f3.<\/p>\n<p>&#8220;Tengo cuatro a\u00f1os seguidos viniendo y est\u00e1 todo muy bien, muy barato, de hecho yo llevo para todo el a\u00f1o para mis nietos. Muchas gracias, que siga haci\u00e9ndolo, si nos ayuda mucho a la econom\u00eda porque somos muchos, varios ni\u00f1os&#8221;, coment\u00f3 Antonia Jurado.<\/p>\n<p>Por su parte, Manuela Ram\u00edrez coment\u00f3 que es la segunda vez a la que asiste a este Bazar Escolar donde encuentra los \u00fatiles escolares a bajo costo y de calidad. \u201cMuchas gracias por la ayuda, por la situaci\u00f3n econ\u00f3mica de la familia, a veces tienen hasta tres chamaquitos y es muy buena ayuda&#8221;, manifest\u00f3.<\/p>\n<p>&#8220;Perfecto, fabuloso, 20 pesos, 10 pesos, 5 pesos, la calidad del material est\u00e1 bien, uno dice: est\u00e1 barato, es de mala calidad, aqu\u00ed no, est\u00e1 barato y de muy buena calidad. Muy bien que aprovechen, que de verdad vale la pena, es muy buena oportunidad porque te ahorras much\u00edsimo&#8221;, asegur\u00f3 Priscila Valdez.<\/p>\n<p>En este primer Bazar Escolar 2025 estuvieron presentes: Froyl\u00e1n G\u00e1mez Gamboa, secretario de Educaci\u00f3n y Cultura; Sheila Hern\u00e1ndez Alcaraz, secretaria de las Mujeres; Roberto Gradillas, secretario de Econom\u00eda y Turismo; Rogelio Pineda Taddei, secretario particular del Ejecutivo; Bernardeth Ru\u00edz, subsecretaria de Desarrollo Pol\u00edtico; Erubiel Durazo, titular de la Comisi\u00f3n del Deporte del Estado de Sonora (Codeson); Abraham Sierra, director general del Instituto de Becas y Cr\u00e9dito Educativo; Omar Arturo Murrieta Gines, director general del Centro de Conciliaci\u00f3n Laboral.<\/p>\n<p>Tambi\u00e9n Carlos Zatarain, titular de la Comisi\u00f3n de Ecolog\u00eda y Desarrollo Sustentable del Estado de Sonora (CEDES); Manuel Eduardo Gallegos Salgado, director general del Instituto de Capacitaci\u00f3n para el Trabajo del Estado de Sonora (Icatson); David Mendoza Rivas, comisionado del Consejo Estatal de Concertaci\u00f3n para la Obra P\u00fablica (CECOP); Marco Antonio Gallardo, coordinador ejecutivo de la Comisi\u00f3n Estatal de Bienes y Concesiones; Luis Antonio Castro Ru\u00edz, secretario general del Sutspes; Luisa Cristina Rodr\u00edguez Ibarra, directora general de Conalep Sonora y Edna Patricia Lara, titular del Voluntariado de DIF Sonora.<\/p>\n","protected":false},"excerpt":{"rendered":"<p>Hermosillo, Sonora; 10 de agosto de 2025.- Con el objetivo de contribuir a la econom\u00eda de las familias, especialmente las que se encuentran en situaci\u00f3n vulnerable, el Gobierno de Sonora, encabezado por Alfonso Durazo Monta\u00f1o dio inicio al Bazar Escolar 2025, en el Gimnasio Polifuncional Ana Gabriela Guevara. En este primer d\u00eda del Bazar Escolar [&hellip;]<\/p>\n","protected":false},"author":2,"featured_media":226283,"comment_status":"closed","ping_status":"closed","sticky":false,"template":"","format":"standard","meta":{"footnotes":""},"categories":[12870,178],"tags":[12865,12869],"class_list":["post-226282","post","type-post","status-publish","format-standard","has-post-thumbnail","hentry","category-destacadas","category-local","tag-destacadas","tag-local"],"jetpack_featured_media_url":"https:\/\/rnoticias.com.mx\/Portal\/wp-content\/uploads\/2025\/08\/unnamed-1-12.jpg","amp_enabled":true,"_links":{"self":[{"href":"https:\/\/rnoticias.com.mx\/Portal\/wp-json\/wp\/v2\/posts\/226282","targetHints":{"allow":["GET"]}}],"collection":[{"href":"https:\/\/rnoticias.com.mx\/Portal\/wp-json\/wp\/v2\/posts"}],"about":[{"href":"https:\/\/rnoticias.com.mx\/Portal\/wp-json\/wp\/v2\/types\/post"}],"author":[{"embeddable":true,"href":"https:\/\/rnoticias.com.mx\/Portal\/wp-json\/wp\/v2\/users\/2"}],"replies":[{"embeddable":true,"href":"https:\/\/rnoticias.com.mx\/Portal\/wp-json\/wp\/v2\/comments?post=226282"}],"version-history":[{"count":1,"href":"https:\/\/rnoticias.com.mx\/Portal\/wp-json\/wp\/v2\/posts\/226282\/revisions"}],"predecessor-version":[{"id":226284,"href":"https:\/\/rnoticias.com.mx\/Portal\/wp-json\/wp\/v2\/posts\/226282\/revisions\/226284"}],"wp:featuredmedia":[{"embeddable":true,"href":"https:\/\/rnoticias.com.mx\/Portal\/wp-json\/wp\/v2\/media\/226283"}],"wp:attachment":[{"href":"https:\/\/rnoticias.com.mx\/Portal\/wp-json\/wp\/v2\/media?parent=226282"}],"wp:term":[{"taxonomy":"category","embeddable":true,"href":"https:\/\/rnoticias.com.mx\/Portal\/wp-json\/wp\/v2\/categories?post=226282"},{"taxonomy":"post_tag","embeddable":true,"href":"https:\/\/rnoticias.com.mx\/Portal\/wp-json\/wp\/v2\/tags?post=226282"}],"curies":[{"name":"wp","href":"https:\/\/api.w.org\/{rel}","templated":true}]}}