{"id":226273,"date":"2025-08-10T19:21:44","date_gmt":"2025-08-11T02:21:44","guid":{"rendered":"https:\/\/rnoticias.com.mx\/Portal\/?p=226273"},"modified":"2025-08-10T19:21:44","modified_gmt":"2025-08-11T02:21:44","slug":"captura-policia-preventiva-a-dos-presuntos-homicidas","status":"publish","type":"post","link":"https:\/\/rnoticias.com.mx\/Portal\/2025\/08\/10\/captura-policia-preventiva-a-dos-presuntos-homicidas\/","title":{"rendered":"Captura Polic\u00eda Preventiva a dos presuntos homicidas"},"content":{"rendered":"<div dir=\"auto\"><b>Hermosillo, Sonora a 10 de agosto del 2025<\/b>.- Un adolescente de 15 a\u00f1os de edad y Leobardo &#8220;N&#8221; de 28, fueron presentados ante el Ministerio P\u00fablico por los delitos de homicidio y lesiones en perjuicio de dos personas.<\/div>\n<div dir=\"auto\"><\/div>\n<div dir=\"auto\">La Polic\u00eda Preventiva los arrest\u00f3 a las\u00a0 02:40 horas de hoy, en las calles Jorge Valencia y Jes\u00fas Larios de la colonia Jorge Valdez.<\/div>\n<div dir=\"auto\"><\/div>\n<div dir=\"auto\">Ambos fueron se\u00f1alados por testigos de disparar contra dos masculinos de 26 y 36 a\u00f1os de edad, respectivamente, este \u00faltimo falleci\u00f3 cuando recib\u00eda atenci\u00f3n m\u00e9dica en un hospital.<\/div>\n<div dir=\"auto\"><\/div>\n<div dir=\"auto\">De acuerdo a la versi\u00f3n de la reportante de 31 a\u00f1os de edad, los ahora detenidos discutieron con las v\u00edctimas e intempestivamente uno de ellos sac\u00f3 un arma de fuego y les dispar\u00f3.<\/div>\n<div dir=\"auto\"><\/div>\n<div dir=\"auto\">Dijo que fue cuando se encontraban en una convivencia familiar en la Cerrada Sur y que los presuntos se retiraron a bordo de una motocicleta roja hacia el oriente de la calle Jorge Valdez, por lo que los oficiales se dirigieron a buscarlos hasta lograr su detenci\u00f3n.<\/div>\n","protected":false},"excerpt":{"rendered":"<p>Hermosillo, Sonora a 10 de agosto del 2025.- Un adolescente de 15 a\u00f1os de edad y Leobardo &#8220;N&#8221; de 28, fueron presentados ante el Ministerio P\u00fablico por los delitos de homicidio y lesiones en perjuicio de dos personas. La Polic\u00eda Preventiva los arrest\u00f3 a las\u00a0 02:40 horas de hoy, en las calles Jorge Valencia y [&hellip;]<\/p>\n","protected":false},"author":2,"featured_media":226274,"comment_status":"closed","ping_status":"closed","sticky":false,"template":"","format":"standard","meta":{"footnotes":""},"categories":[12870,178],"tags":[12865,12869],"class_list":["post-226273","post","type-post","status-publish","format-standard","has-post-thumbnail","hentry","category-destacadas","category-local","tag-destacadas","tag-local"],"jetpack_featured_media_url":"https:\/\/rnoticias.com.mx\/Portal\/wp-content\/uploads\/2025\/08\/WhatsApp-Image-2024-06-01-at-9.15.43-PM.jpeg","amp_enabled":true,"_links":{"self":[{"href":"https:\/\/rnoticias.com.mx\/Portal\/wp-json\/wp\/v2\/posts\/226273","targetHints":{"allow":["GET"]}}],"collection":[{"href":"https:\/\/rnoticias.com.mx\/Portal\/wp-json\/wp\/v2\/posts"}],"about":[{"href":"https:\/\/rnoticias.com.mx\/Portal\/wp-json\/wp\/v2\/types\/post"}],"author":[{"embeddable":true,"href":"https:\/\/rnoticias.com.mx\/Portal\/wp-json\/wp\/v2\/users\/2"}],"replies":[{"embeddable":true,"href":"https:\/\/rnoticias.com.mx\/Portal\/wp-json\/wp\/v2\/comments?post=226273"}],"version-history":[{"count":1,"href":"https:\/\/rnoticias.com.mx\/Portal\/wp-json\/wp\/v2\/posts\/226273\/revisions"}],"predecessor-version":[{"id":226275,"href":"https:\/\/rnoticias.com.mx\/Portal\/wp-json\/wp\/v2\/posts\/226273\/revisions\/226275"}],"wp:featuredmedia":[{"embeddable":true,"href":"https:\/\/rnoticias.com.mx\/Portal\/wp-json\/wp\/v2\/media\/226274"}],"wp:attachment":[{"href":"https:\/\/rnoticias.com.mx\/Portal\/wp-json\/wp\/v2\/media?parent=226273"}],"wp:term":[{"taxonomy":"category","embeddable":true,"href":"https:\/\/rnoticias.com.mx\/Portal\/wp-json\/wp\/v2\/categories?post=226273"},{"taxonomy":"post_tag","embeddable":true,"href":"https:\/\/rnoticias.com.mx\/Portal\/wp-json\/wp\/v2\/tags?post=226273"}],"curies":[{"name":"wp","href":"https:\/\/api.w.org\/{rel}","templated":true}]}}